{"id":229,"date":"2025-03-24T14:17:08","date_gmt":"2025-03-24T12:17:08","guid":{"rendered":"https:\/\/taallafi.test.cchosting.fi\/?p=229"},"modified":"2026-04-10T14:52:17","modified_gmt":"2026-04-10T11:52:17","slug":"kaikki-suomalaiset-eivat-osaa-enaa-lukea-ja-se-vaarantaa-demokratian-tulevaisuuden","status":"publish","type":"post","link":"https:\/\/kalevakonserni.fi\/en\/kaikki-suomalaiset-eivat-osaa-enaa-lukea-ja-se-vaarantaa-demokratian-tulevaisuuden\/","title":{"rendered":"Kaikki suomalaiset eiv\u00e4t osaa en\u00e4\u00e4 lukea \u2013 ja se vaarantaa demokratian tulevaisuuden"},"content":{"rendered":"","protected":false},"excerpt":{"rendered":"","protected":false},"author":1,"featured_media":507,"comment_status":"closed","ping_status":"open","sticky":false,"template":"","format":"standard","meta":{"_acf_changed":false,"footnotes":""},"categories":[1],"tags":[3,4,7,9],"class_list":["post-229","post","type-post","status-publish","format-standard","has-post-thumbnail","hentry","category-uncategorized-fi","tag-demokratia","tag-journalismi","tag-median-murros","tag-pohjoinen-tulevaisuus"],"acf":[],"yoast_head":"<!-- This site is optimized with the Yoast SEO plugin v27.5 - https:\/\/yoast.com\/product\/yoast-seo-wordpress\/ -->\n<title>Kaikki suomalaiset eiv\u00e4t osaa en\u00e4\u00e4 lukea \u2013 ja se vaarantaa demokratian tulevaisuuden - Kaleva-konserni<\/title>\n<meta name=\"robots\" content=\"index, follow, max-snippet:-1, max-image-preview:large, max-video-preview:-1\" \/>\n<link rel=\"canonical\" href=\"https:\/\/kalevakonserni.fi\/en\/kaikki-suomalaiset-eivat-osaa-enaa-lukea-ja-se-vaarantaa-demokratian-tulevaisuuden\/\" \/>\n<meta property=\"og:locale\" content=\"en_US\" \/>\n<meta property=\"og:type\" content=\"article\" \/>\n<meta property=\"og:title\" content=\"Kaikki suomalaiset eiv\u00e4t osaa en\u00e4\u00e4 lukea \u2013 ja se vaarantaa demokratian tulevaisuuden - Kaleva-konserni\" \/>\n<meta property=\"og:url\" content=\"https:\/\/kalevakonserni.fi\/en\/kaikki-suomalaiset-eivat-osaa-enaa-lukea-ja-se-vaarantaa-demokratian-tulevaisuuden\/\" \/>\n<meta property=\"og:site_name\" content=\"Kaleva-konserni\" \/>\n<meta property=\"article:published_time\" content=\"2025-03-24T12:17:08+00:00\" \/>\n<meta property=\"article:modified_time\" content=\"2026-04-10T11:52:17+00:00\" \/>\n<meta property=\"og:image\" content=\"https:\/\/kalevakonserni.fi\/wp-content\/uploads\/2025\/05\/Henna_Lammi-11-web-1.jpg\" \/>\n\t<meta property=\"og:image:width\" content=\"1667\" \/>\n\t<meta property=\"og:image:height\" content=\"2500\" \/>\n\t<meta property=\"og:image:type\" content=\"image\/jpeg\" \/>\n<meta name=\"author\" content=\"kolmas-polvi\" \/>\n<meta name=\"twitter:card\" content=\"summary_large_image\" \/>\n<meta name=\"twitter:label1\" content=\"Written by\" \/>\n\t<meta name=\"twitter:data1\" content=\"kolmas-polvi\" \/>\n<script type=\"application\/ld+json\" class=\"yoast-schema-graph\">{\"@context\":\"https:\\\/\\\/schema.org\",\"@graph\":[{\"@type\":\"Article\",\"@id\":\"https:\\\/\\\/kalevakonserni.fi\\\/en\\\/kaikki-suomalaiset-eivat-osaa-enaa-lukea-ja-se-vaarantaa-demokratian-tulevaisuuden\\\/#article\",\"isPartOf\":{\"@id\":\"https:\\\/\\\/kalevakonserni.fi\\\/en\\\/kaikki-suomalaiset-eivat-osaa-enaa-lukea-ja-se-vaarantaa-demokratian-tulevaisuuden\\\/\"},\"author\":{\"name\":\"kolmas-polvi\",\"@id\":\"https:\\\/\\\/kalevakonserni.fi\\\/en\\\/#\\\/schema\\\/person\\\/3fd14da41988309032862a19d7add1ff\"},\"headline\":\"Kaikki suomalaiset eiv\u00e4t osaa en\u00e4\u00e4 lukea \u2013 ja se vaarantaa demokratian tulevaisuuden\",\"datePublished\":\"2025-03-24T12:17:08+00:00\",\"dateModified\":\"2026-04-10T11:52:17+00:00\",\"mainEntityOfPage\":{\"@id\":\"https:\\\/\\\/kalevakonserni.fi\\\/en\\\/kaikki-suomalaiset-eivat-osaa-enaa-lukea-ja-se-vaarantaa-demokratian-tulevaisuuden\\\/\"},\"wordCount\":12,\"publisher\":{\"@id\":\"https:\\\/\\\/kalevakonserni.fi\\\/en\\\/#organization\"},\"image\":{\"@id\":\"https:\\\/\\\/kalevakonserni.fi\\\/en\\\/kaikki-suomalaiset-eivat-osaa-enaa-lukea-ja-se-vaarantaa-demokratian-tulevaisuuden\\\/#primaryimage\"},\"thumbnailUrl\":\"https:\\\/\\\/kalevakonserni.fi\\\/wp-content\\\/uploads\\\/2025\\\/05\\\/Henna_Lammi-11-web-1.jpg\",\"keywords\":[\"demokratia\",\"journalismi\",\"median murros\",\"pohjoinen tulevaisuus\"],\"articleSection\":[\"Uncategorized @fi\"],\"inLanguage\":\"en-US\"},{\"@type\":\"WebPage\",\"@id\":\"https:\\\/\\\/kalevakonserni.fi\\\/en\\\/kaikki-suomalaiset-eivat-osaa-enaa-lukea-ja-se-vaarantaa-demokratian-tulevaisuuden\\\/\",\"url\":\"https:\\\/\\\/kalevakonserni.fi\\\/en\\\/kaikki-suomalaiset-eivat-osaa-enaa-lukea-ja-se-vaarantaa-demokratian-tulevaisuuden\\\/\",\"name\":\"Kaikki suomalaiset eiv\u00e4t osaa en\u00e4\u00e4 lukea \u2013 ja se vaarantaa demokratian tulevaisuuden - Kaleva-konserni\",\"isPartOf\":{\"@id\":\"https:\\\/\\\/kalevakonserni.fi\\\/en\\\/#website\"},\"primaryImageOfPage\":{\"@id\":\"https:\\\/\\\/kalevakonserni.fi\\\/en\\\/kaikki-suomalaiset-eivat-osaa-enaa-lukea-ja-se-vaarantaa-demokratian-tulevaisuuden\\\/#primaryimage\"},\"image\":{\"@id\":\"https:\\\/\\\/kalevakonserni.fi\\\/en\\\/kaikki-suomalaiset-eivat-osaa-enaa-lukea-ja-se-vaarantaa-demokratian-tulevaisuuden\\\/#primaryimage\"},\"thumbnailUrl\":\"https:\\\/\\\/kalevakonserni.fi\\\/wp-content\\\/uploads\\\/2025\\\/05\\\/Henna_Lammi-11-web-1.jpg\",\"datePublished\":\"2025-03-24T12:17:08+00:00\",\"dateModified\":\"2026-04-10T11:52:17+00:00\",\"breadcrumb\":{\"@id\":\"https:\\\/\\\/kalevakonserni.fi\\\/en\\\/kaikki-suomalaiset-eivat-osaa-enaa-lukea-ja-se-vaarantaa-demokratian-tulevaisuuden\\\/#breadcrumb\"},\"inLanguage\":\"en-US\",\"potentialAction\":[{\"@type\":\"ReadAction\",\"target\":[\"https:\\\/\\\/kalevakonserni.fi\\\/en\\\/kaikki-suomalaiset-eivat-osaa-enaa-lukea-ja-se-vaarantaa-demokratian-tulevaisuuden\\\/\"]}]},{\"@type\":\"ImageObject\",\"inLanguage\":\"en-US\",\"@id\":\"https:\\\/\\\/kalevakonserni.fi\\\/en\\\/kaikki-suomalaiset-eivat-osaa-enaa-lukea-ja-se-vaarantaa-demokratian-tulevaisuuden\\\/#primaryimage\",\"url\":\"https:\\\/\\\/kalevakonserni.fi\\\/wp-content\\\/uploads\\\/2025\\\/05\\\/Henna_Lammi-11-web-1.jpg\",\"contentUrl\":\"https:\\\/\\\/kalevakonserni.fi\\\/wp-content\\\/uploads\\\/2025\\\/05\\\/Henna_Lammi-11-web-1.jpg\",\"width\":1667,\"height\":2500},{\"@type\":\"BreadcrumbList\",\"@id\":\"https:\\\/\\\/kalevakonserni.fi\\\/en\\\/kaikki-suomalaiset-eivat-osaa-enaa-lukea-ja-se-vaarantaa-demokratian-tulevaisuuden\\\/#breadcrumb\",\"itemListElement\":[{\"@type\":\"ListItem\",\"position\":1,\"name\":\"Etusivu\",\"item\":\"https:\\\/\\\/kalevakonserni.fi\\\/en\\\/\"},{\"@type\":\"ListItem\",\"position\":2,\"name\":\"Kaikki suomalaiset eiv\u00e4t osaa en\u00e4\u00e4 lukea \u2013 ja se vaarantaa demokratian tulevaisuuden\"}]},{\"@type\":\"WebSite\",\"@id\":\"https:\\\/\\\/kalevakonserni.fi\\\/en\\\/#website\",\"url\":\"https:\\\/\\\/kalevakonserni.fi\\\/en\\\/\",\"name\":\"Kaleva-konserni\",\"description\":\"Life is local\",\"publisher\":{\"@id\":\"https:\\\/\\\/kalevakonserni.fi\\\/en\\\/#organization\"},\"potentialAction\":[{\"@type\":\"SearchAction\",\"target\":{\"@type\":\"EntryPoint\",\"urlTemplate\":\"https:\\\/\\\/kalevakonserni.fi\\\/en\\\/?s={search_term_string}\"},\"query-input\":{\"@type\":\"PropertyValueSpecification\",\"valueRequired\":true,\"valueName\":\"search_term_string\"}}],\"inLanguage\":\"en-US\"},{\"@type\":\"Organization\",\"@id\":\"https:\\\/\\\/kalevakonserni.fi\\\/en\\\/#organization\",\"name\":\"Kaleva-konserni\",\"url\":\"https:\\\/\\\/kalevakonserni.fi\\\/en\\\/\",\"logo\":{\"@type\":\"ImageObject\",\"inLanguage\":\"en-US\",\"@id\":\"https:\\\/\\\/kalevakonserni.fi\\\/en\\\/#\\\/schema\\\/logo\\\/image\\\/\",\"url\":\"https:\\\/\\\/kalevakonserni.fi\\\/wp-content\\\/uploads\\\/2025\\\/11\\\/kaleva_konserni-some_img.jpg\",\"contentUrl\":\"https:\\\/\\\/kalevakonserni.fi\\\/wp-content\\\/uploads\\\/2025\\\/11\\\/kaleva_konserni-some_img.jpg\",\"width\":1920,\"height\":1080,\"caption\":\"Kaleva-konserni\"},\"image\":{\"@id\":\"https:\\\/\\\/kalevakonserni.fi\\\/en\\\/#\\\/schema\\\/logo\\\/image\\\/\"}},{\"@type\":\"Person\",\"@id\":\"https:\\\/\\\/kalevakonserni.fi\\\/en\\\/#\\\/schema\\\/person\\\/3fd14da41988309032862a19d7add1ff\",\"name\":\"kolmas-polvi\",\"image\":{\"@type\":\"ImageObject\",\"inLanguage\":\"en-US\",\"@id\":\"https:\\\/\\\/secure.gravatar.com\\\/avatar\\\/39faf39031b4eb8b9c3e9adae606b46b170bbc6ba6bc854844f727aae73326a3?s=96&d=mm&r=g\",\"url\":\"https:\\\/\\\/secure.gravatar.com\\\/avatar\\\/39faf39031b4eb8b9c3e9adae606b46b170bbc6ba6bc854844f727aae73326a3?s=96&d=mm&r=g\",\"contentUrl\":\"https:\\\/\\\/secure.gravatar.com\\\/avatar\\\/39faf39031b4eb8b9c3e9adae606b46b170bbc6ba6bc854844f727aae73326a3?s=96&d=mm&r=g\",\"caption\":\"kolmas-polvi\"},\"sameAs\":[\"http:\\\/\\\/kalevakonserni.fi\"],\"url\":\"https:\\\/\\\/kalevakonserni.fi\\\/en\\\/author\\\/kolmas-polvi\\\/\"}]}<\/script>\n<!-- \/ Yoast SEO plugin. -->","yoast_head_json":{"title":"Kaikki suomalaiset eiv\u00e4t osaa en\u00e4\u00e4 lukea \u2013 ja se vaarantaa demokratian tulevaisuuden - Kaleva-konserni","robots":{"index":"index","follow":"follow","max-snippet":"max-snippet:-1","max-image-preview":"max-image-preview:large","max-video-preview":"max-video-preview:-1"},"canonical":"https:\/\/kalevakonserni.fi\/en\/kaikki-suomalaiset-eivat-osaa-enaa-lukea-ja-se-vaarantaa-demokratian-tulevaisuuden\/","og_locale":"en_US","og_type":"article","og_title":"Kaikki suomalaiset eiv\u00e4t osaa en\u00e4\u00e4 lukea \u2013 ja se vaarantaa demokratian tulevaisuuden - Kaleva-konserni","og_url":"https:\/\/kalevakonserni.fi\/en\/kaikki-suomalaiset-eivat-osaa-enaa-lukea-ja-se-vaarantaa-demokratian-tulevaisuuden\/","og_site_name":"Kaleva-konserni","article_published_time":"2025-03-24T12:17:08+00:00","article_modified_time":"2026-04-10T11:52:17+00:00","og_image":[{"width":1667,"height":2500,"url":"https:\/\/kalevakonserni.fi\/wp-content\/uploads\/2025\/05\/Henna_Lammi-11-web-1.jpg","type":"image\/jpeg"}],"author":"kolmas-polvi","twitter_card":"summary_large_image","twitter_misc":{"Written by":"kolmas-polvi"},"schema":{"@context":"https:\/\/schema.org","@graph":[{"@type":"Article","@id":"https:\/\/kalevakonserni.fi\/en\/kaikki-suomalaiset-eivat-osaa-enaa-lukea-ja-se-vaarantaa-demokratian-tulevaisuuden\/#article","isPartOf":{"@id":"https:\/\/kalevakonserni.fi\/en\/kaikki-suomalaiset-eivat-osaa-enaa-lukea-ja-se-vaarantaa-demokratian-tulevaisuuden\/"},"author":{"name":"kolmas-polvi","@id":"https:\/\/kalevakonserni.fi\/en\/#\/schema\/person\/3fd14da41988309032862a19d7add1ff"},"headline":"Kaikki suomalaiset eiv\u00e4t osaa en\u00e4\u00e4 lukea \u2013 ja se vaarantaa demokratian tulevaisuuden","datePublished":"2025-03-24T12:17:08+00:00","dateModified":"2026-04-10T11:52:17+00:00","mainEntityOfPage":{"@id":"https:\/\/kalevakonserni.fi\/en\/kaikki-suomalaiset-eivat-osaa-enaa-lukea-ja-se-vaarantaa-demokratian-tulevaisuuden\/"},"wordCount":12,"publisher":{"@id":"https:\/\/kalevakonserni.fi\/en\/#organization"},"image":{"@id":"https:\/\/kalevakonserni.fi\/en\/kaikki-suomalaiset-eivat-osaa-enaa-lukea-ja-se-vaarantaa-demokratian-tulevaisuuden\/#primaryimage"},"thumbnailUrl":"https:\/\/kalevakonserni.fi\/wp-content\/uploads\/2025\/05\/Henna_Lammi-11-web-1.jpg","keywords":["demokratia","journalismi","median murros","pohjoinen tulevaisuus"],"articleSection":["Uncategorized @fi"],"inLanguage":"en-US"},{"@type":"WebPage","@id":"https:\/\/kalevakonserni.fi\/en\/kaikki-suomalaiset-eivat-osaa-enaa-lukea-ja-se-vaarantaa-demokratian-tulevaisuuden\/","url":"https:\/\/kalevakonserni.fi\/en\/kaikki-suomalaiset-eivat-osaa-enaa-lukea-ja-se-vaarantaa-demokratian-tulevaisuuden\/","name":"Kaikki suomalaiset eiv\u00e4t osaa en\u00e4\u00e4 lukea \u2013 ja se vaarantaa demokratian tulevaisuuden - Kaleva-konserni","isPartOf":{"@id":"https:\/\/kalevakonserni.fi\/en\/#website"},"primaryImageOfPage":{"@id":"https:\/\/kalevakonserni.fi\/en\/kaikki-suomalaiset-eivat-osaa-enaa-lukea-ja-se-vaarantaa-demokratian-tulevaisuuden\/#primaryimage"},"image":{"@id":"https:\/\/kalevakonserni.fi\/en\/kaikki-suomalaiset-eivat-osaa-enaa-lukea-ja-se-vaarantaa-demokratian-tulevaisuuden\/#primaryimage"},"thumbnailUrl":"https:\/\/kalevakonserni.fi\/wp-content\/uploads\/2025\/05\/Henna_Lammi-11-web-1.jpg","datePublished":"2025-03-24T12:17:08+00:00","dateModified":"2026-04-10T11:52:17+00:00","breadcrumb":{"@id":"https:\/\/kalevakonserni.fi\/en\/kaikki-suomalaiset-eivat-osaa-enaa-lukea-ja-se-vaarantaa-demokratian-tulevaisuuden\/#breadcrumb"},"inLanguage":"en-US","potentialAction":[{"@type":"ReadAction","target":["https:\/\/kalevakonserni.fi\/en\/kaikki-suomalaiset-eivat-osaa-enaa-lukea-ja-se-vaarantaa-demokratian-tulevaisuuden\/"]}]},{"@type":"ImageObject","inLanguage":"en-US","@id":"https:\/\/kalevakonserni.fi\/en\/kaikki-suomalaiset-eivat-osaa-enaa-lukea-ja-se-vaarantaa-demokratian-tulevaisuuden\/#primaryimage","url":"https:\/\/kalevakonserni.fi\/wp-content\/uploads\/2025\/05\/Henna_Lammi-11-web-1.jpg","contentUrl":"https:\/\/kalevakonserni.fi\/wp-content\/uploads\/2025\/05\/Henna_Lammi-11-web-1.jpg","width":1667,"height":2500},{"@type":"BreadcrumbList","@id":"https:\/\/kalevakonserni.fi\/en\/kaikki-suomalaiset-eivat-osaa-enaa-lukea-ja-se-vaarantaa-demokratian-tulevaisuuden\/#breadcrumb","itemListElement":[{"@type":"ListItem","position":1,"name":"Etusivu","item":"https:\/\/kalevakonserni.fi\/en\/"},{"@type":"ListItem","position":2,"name":"Kaikki suomalaiset eiv\u00e4t osaa en\u00e4\u00e4 lukea \u2013 ja se vaarantaa demokratian tulevaisuuden"}]},{"@type":"WebSite","@id":"https:\/\/kalevakonserni.fi\/en\/#website","url":"https:\/\/kalevakonserni.fi\/en\/","name":"Kaleva-konserni","description":"Life is local","publisher":{"@id":"https:\/\/kalevakonserni.fi\/en\/#organization"},"potentialAction":[{"@type":"SearchAction","target":{"@type":"EntryPoint","urlTemplate":"https:\/\/kalevakonserni.fi\/en\/?s={search_term_string}"},"query-input":{"@type":"PropertyValueSpecification","valueRequired":true,"valueName":"search_term_string"}}],"inLanguage":"en-US"},{"@type":"Organization","@id":"https:\/\/kalevakonserni.fi\/en\/#organization","name":"Kaleva-konserni","url":"https:\/\/kalevakonserni.fi\/en\/","logo":{"@type":"ImageObject","inLanguage":"en-US","@id":"https:\/\/kalevakonserni.fi\/en\/#\/schema\/logo\/image\/","url":"https:\/\/kalevakonserni.fi\/wp-content\/uploads\/2025\/11\/kaleva_konserni-some_img.jpg","contentUrl":"https:\/\/kalevakonserni.fi\/wp-content\/uploads\/2025\/11\/kaleva_konserni-some_img.jpg","width":1920,"height":1080,"caption":"Kaleva-konserni"},"image":{"@id":"https:\/\/kalevakonserni.fi\/en\/#\/schema\/logo\/image\/"}},{"@type":"Person","@id":"https:\/\/kalevakonserni.fi\/en\/#\/schema\/person\/3fd14da41988309032862a19d7add1ff","name":"kolmas-polvi","image":{"@type":"ImageObject","inLanguage":"en-US","@id":"https:\/\/secure.gravatar.com\/avatar\/39faf39031b4eb8b9c3e9adae606b46b170bbc6ba6bc854844f727aae73326a3?s=96&d=mm&r=g","url":"https:\/\/secure.gravatar.com\/avatar\/39faf39031b4eb8b9c3e9adae606b46b170bbc6ba6bc854844f727aae73326a3?s=96&d=mm&r=g","contentUrl":"https:\/\/secure.gravatar.com\/avatar\/39faf39031b4eb8b9c3e9adae606b46b170bbc6ba6bc854844f727aae73326a3?s=96&d=mm&r=g","caption":"kolmas-polvi"},"sameAs":["http:\/\/kalevakonserni.fi"],"url":"https:\/\/kalevakonserni.fi\/en\/author\/kolmas-polvi\/"}]}},"_links":{"self":[{"href":"https:\/\/kalevakonserni.fi\/en\/wp-json\/wp\/v2\/posts\/229","targetHints":{"allow":["GET"]}}],"collection":[{"href":"https:\/\/kalevakonserni.fi\/en\/wp-json\/wp\/v2\/posts"}],"about":[{"href":"https:\/\/kalevakonserni.fi\/en\/wp-json\/wp\/v2\/types\/post"}],"author":[{"embeddable":true,"href":"https:\/\/kalevakonserni.fi\/en\/wp-json\/wp\/v2\/users\/1"}],"replies":[{"embeddable":true,"href":"https:\/\/kalevakonserni.fi\/en\/wp-json\/wp\/v2\/comments?post=229"}],"version-history":[{"count":1,"href":"https:\/\/kalevakonserni.fi\/en\/wp-json\/wp\/v2\/posts\/229\/revisions"}],"predecessor-version":[{"id":13075,"href":"https:\/\/kalevakonserni.fi\/en\/wp-json\/wp\/v2\/posts\/229\/revisions\/13075"}],"wp:featuredmedia":[{"embeddable":true,"href":"https:\/\/kalevakonserni.fi\/en\/wp-json\/wp\/v2\/media\/507"}],"wp:attachment":[{"href":"https:\/\/kalevakonserni.fi\/en\/wp-json\/wp\/v2\/media?parent=229"}],"wp:term":[{"taxonomy":"category","embeddable":true,"href":"https:\/\/kalevakonserni.fi\/en\/wp-json\/wp\/v2\/categories?post=229"},{"taxonomy":"post_tag","embeddable":true,"href":"https:\/\/kalevakonserni.fi\/en\/wp-json\/wp\/v2\/tags?post=229"}],"curies":[{"name":"wp","href":"https:\/\/api.w.org\/{rel}","templated":true}]}}