{"id":14486,"date":"2026-04-23T14:16:57","date_gmt":"2026-04-23T11:16:57","guid":{"rendered":"https:\/\/kalevakonserni.fi\/?p=14486"},"modified":"2026-04-23T14:16:57","modified_gmt":"2026-04-23T11:16:57","slug":"kaleva-konsernin-liikevaihto-kasvoi-93-prosenttia-vuonna-2025-medialiiketoiminta-vahvassa-nousussa","status":"publish","type":"post","link":"https:\/\/kalevakonserni.fi\/en\/kaleva-konsernin-liikevaihto-kasvoi-93-prosenttia-vuonna-2025-medialiiketoiminta-vahvassa-nousussa\/","title":{"rendered":"Kaleva-konsernin liikevaihto kasvoi 9,3 prosenttia vuonna 2025 \u2013 medialiiketoiminta vahvassa nousussa"},"content":{"rendered":"<p>Medialiiketoiminnan liikevaihto kasvoi 23,1 prosenttia ja oli 54,3 miljoonaa euroa. Huhtikuussa Kaleva365 Oy:n ja\u00a0I-Mediat\u00a0Oy:n medialiiketoimintojen yhdist\u00e4minen muodostui keskeiseksi kasvutekij\u00e4ksi. Uusi yhti\u00f6\u00a0Kaleva Media Oy\u00a0on Kaleva Oy:n (65 %) ja Ilkka Oyj:n (35 %) yhteisesti omistama ja yksi Suomen merkitt\u00e4vimmist\u00e4 mediatoimijoista. Kaleva Median julkaisuilla on yhteens\u00e4\u00a0yli\u00a050\u202f000 digitilaajaa,\u00a0reilut\u00a0130\u202f000 tilaajaa ja viikkotavoittavuus\u00a0on\u00a0noin 850\u202f000 lukijaa.<\/p>\n<p>Kaleva Oy myi\u00a0kes\u00e4kuussa\u00a0Kolmiokirja Oy:n\u00a0Hollantilaiselle\u00a0Keesing\u00a0Media Groupille. Samalla solmittiin pitk\u00e4aikainen sis\u00e4lt\u00f6sopimus, joka vahvistaa Kaleva Median digitaalisia ajanvietesis\u00e4lt\u00f6j\u00e4. Syksyll\u00e4 Kaleva\u00a0Oy\u00a0myi Kolmas Polvi Oy:n ja Indieplace Oy:n Valvekonserniin ja hankki vastineeksi noin 38 prosentin omistuksen\u00a0konsernin emoyhti\u00f6st\u00e4.<\/p>\n<p>Konsernin liiketulos nousi 4,2 miljoonaan euroon (0,4 milj. euroa vuonna 2024), mik\u00e4 vastaa 5,7 prosenttia liikevaihdosta. Kannattavuuden paranemiseen vaikutti erityisesti\u00a0lukuisat yritysj\u00e4rjestelyt\u00a0sek\u00e4 oikea-aikaisesti\u00a0tehdyt\u00a0kulurakenteeseen vaikuttavat sopeutukset.\u00a0Kolmiokirjan myynnist\u00e4 kirjattiin 1,8 miljoonan euron myyntivoitto.\u00a0Medialiiketoiminnan j\u00e4rjestelyjen vaikutukset tulevat n\u00e4kym\u00e4\u00e4n t\u00e4ysim\u00e4\u00e4r\u00e4isesti\u00a0liikevaihdon ja\u00a0kannattavuuteen\u00a0kasvuna\u00a0vuoden 2026\u00a0tuloksessa.<\/p>\n<p>\u2013 Yritysj\u00e4rjestelyt ovat vahvistaneet asemaamme\u00a0merkitt\u00e4v\u00e4n\u00e4\u00a0mediatoimijana ja luoneet edellytyksi\u00e4 tehokkaammalle toiminnalle, jossa hy\u00f6dynn\u00e4mme yht\u00e4 yhteist\u00e4 digitaalista julkaisualustaa, sanoo Kaleva-konsernin\u00a0toimitusjohtaja Juha Laakkonen.<\/p>\n<p><strong>Journalistista laatua ja tunnustuksia<\/strong><\/p>\n<p>Kaleva Media\u00a0panostaa\u00a0laadukkaaseen paikalliseen journalismiin, mik\u00e4 n\u00e4kyi my\u00f6s alan palkinnoissa.\u00a0Kaleva Median\u00a0paikallislehdet ker\u00e4siv\u00e4t useita palkintosijoja journalistisista t\u00f6ist\u00e4\u00e4n\u00a0Suurilla Lehtip\u00e4ivill\u00e4.\u00a0Suuressa journalistigaalassa Kaleva Media sai kolme ehdokkuutta.<\/p>\n<p>My\u00f6s konsernin hallitusty\u00f6 sai tunnustusta.\u00a0Pohjois-Suomen Hallituspartnerit my\u00f6nsiv\u00e4t Kaleva Oy:lle Tamminen Nuija\u00a0palkinnon hyv\u00e4st\u00e4 hallitusty\u00f6skentelyst\u00e4.<\/p>\n<p><strong>Uusi\u00a0br\u00e4ndi- ja\u00a0vastuullisuusstrategia\u00a0luotsaavat\u00a0tulevaa<\/strong><\/p>\n<p>Vuonna 2025 Kaleva-konsernille laadittiin uusi vastuullisuusstrategia, joka kattaa kaikki tyt\u00e4ryhti\u00f6t. Vastuullisuusohjelma\u00a0Kaleva Vire\u00a0koostuu nelj\u00e4st\u00e4 teemasta: paikallinen journalismi, ymp\u00e4rist\u00f6, hyvinvoiva ty\u00f6yhteis\u00f6 sek\u00e4 kest\u00e4v\u00e4 liiketoiminta.\u00a0Ohjelmaan sis\u00e4ltyy 75 konkreettista tekoa, joiden tavoitteena on tuottaa\u00a0jokaisen liiketoiminta-alueemme kautta positiivista muutosta paikallisiin yhteis\u00f6ihin ja sit\u00e4 kautta maailmaan.\u00a0Konsernin ensimm\u00e4inen vastuullisuusraportti julkaistiin osana vuoden 2025 vuosikertomusta.<\/p>\n<p>Vuoden 2025 aikana kirkastettiin my\u00f6s yhti\u00f6n br\u00e4ndistrategia vastaamaan liiketoimintaj\u00e4rjestelyj\u00e4. \u00a0Br\u00e4ndi-lupaus \u201dEl\u00e4m\u00e4 on paikallista\u201d kiteytettiin\u00a0koko konsernia yhdist\u00e4v\u00e4ksi\u00a0arvopohjaiseksi\u00a0lupaukseksi.<\/p>\n<p>Konsernilla on vahva tase ja hyv\u00e4 kassavirta, jotka tukevat digitaalista transformaatiota. Kaleva-konserni\u00a0odottaa liikevaihdon kasvavan my\u00f6s vuonna 2026.<\/p>\n<p><strong>Lis\u00e4tietoja:<\/strong><\/p>\n<p>Juha Laakkonen<br \/>\ntoimitusjohtaja<br \/>\n<a href=\"mailto:juha.laakkonen@kalevamedia.fi\">juha.laakkonen@kalevamedia.fi<\/a><\/p>\n<p>Pekka Kunnari<br \/>\ntalousjohtaja<br \/>\n<a href=\"mailto:pekka.kunnari@kalevamedia.fi\">pekka.kunnari@kalevamedia.fi<\/a><\/p>\n<p><strong>El\u00e4m\u00e4 on paikallista<\/strong><br \/>\nKaleva Media on\u00a0paikallisen el\u00e4m\u00e4n mediatalo.\u00a0Vahvistamme vireytt\u00e4 ja elinvoimaa siell\u00e4, miss\u00e4 el\u00e4m\u00e4 on.\u00a0Tarjoamme median, painon ja jakelun sek\u00e4 markkinoinnin ja viestinn\u00e4n palveluita.<\/p>\n","protected":false},"excerpt":{"rendered":"<p>Medialiiketoiminnan liikevaihto kasvoi 23,1 prosenttia ja oli 54,3 miljoonaa euroa. Huhtikuussa Kaleva365 Oy:n ja\u00a0I-Mediat\u00a0Oy:n medialiiketoimintojen yhdist\u00e4minen muodostui keskeiseksi kasvutekij\u00e4ksi. Uusi yhti\u00f6\u00a0Kaleva Media Oy\u00a0on Kaleva Oy:n (65 %) ja Ilkka Oyj:n (35 %) yhteisesti omistama ja yksi Suomen merkitt\u00e4vimmist\u00e4 mediatoimijoista. Kaleva Median julkaisuilla on yhteens\u00e4\u00a0yli\u00a050\u202f000 digitilaajaa,\u00a0reilut\u00a0130\u202f000 tilaajaa ja viikkotavoittavuus\u00a0on\u00a0noin 850\u202f000 lukijaa. Kaleva Oy myi\u00a0kes\u00e4kuussa\u00a0Kolmiokirja Oy:n\u00a0Hollantilaiselle\u00a0Keesing\u00a0Media Groupille. [&hellip;]<\/p>\n","protected":false},"author":10,"featured_media":13093,"comment_status":"closed","ping_status":"closed","sticky":false,"template":"","format":"standard","meta":{"_acf_changed":false,"footnotes":""},"categories":[1],"tags":[],"class_list":["post-14486","post","type-post","status-publish","format-standard","has-post-thumbnail","hentry","category-uncategorized-fi"],"acf":[],"yoast_head":"<!-- This site is optimized with the Yoast SEO plugin v27.5 - https:\/\/yoast.com\/product\/yoast-seo-wordpress\/ -->\n<title>Kaleva-konsernin liikevaihto kasvoi 9,3 prosenttia vuonna 2025 \u2013 medialiiketoiminta vahvassa nousussa - Kaleva-konserni<\/title>\n<meta name=\"robots\" content=\"index, follow, max-snippet:-1, max-image-preview:large, max-video-preview:-1\" \/>\n<link rel=\"canonical\" href=\"https:\/\/kalevakonserni.fi\/en\/kaleva-konsernin-liikevaihto-kasvoi-93-prosenttia-vuonna-2025-medialiiketoiminta-vahvassa-nousussa\/\" \/>\n<meta property=\"og:locale\" content=\"en_US\" \/>\n<meta property=\"og:type\" content=\"article\" \/>\n<meta property=\"og:title\" content=\"Kaleva-konsernin liikevaihto kasvoi 9,3 prosenttia vuonna 2025 \u2013 medialiiketoiminta vahvassa nousussa - Kaleva-konserni\" \/>\n<meta property=\"og:description\" content=\"Medialiiketoiminnan liikevaihto kasvoi 23,1 prosenttia ja oli 54,3 miljoonaa euroa. Huhtikuussa Kaleva365 Oy:n ja\u00a0I-Mediat\u00a0Oy:n medialiiketoimintojen yhdist\u00e4minen muodostui keskeiseksi kasvutekij\u00e4ksi. Uusi yhti\u00f6\u00a0Kaleva Media Oy\u00a0on Kaleva Oy:n (65 %) ja Ilkka Oyj:n (35 %) yhteisesti omistama ja yksi Suomen merkitt\u00e4vimmist\u00e4 mediatoimijoista. Kaleva Median julkaisuilla on yhteens\u00e4\u00a0yli\u00a050\u202f000 digitilaajaa,\u00a0reilut\u00a0130\u202f000 tilaajaa ja viikkotavoittavuus\u00a0on\u00a0noin 850\u202f000 lukijaa. Kaleva Oy myi\u00a0kes\u00e4kuussa\u00a0Kolmiokirja Oy:n\u00a0Hollantilaiselle\u00a0Keesing\u00a0Media Groupille. [&hellip;]\" \/>\n<meta property=\"og:url\" content=\"https:\/\/kalevakonserni.fi\/en\/kaleva-konsernin-liikevaihto-kasvoi-93-prosenttia-vuonna-2025-medialiiketoiminta-vahvassa-nousussa\/\" \/>\n<meta property=\"og:site_name\" content=\"Kaleva-konserni\" \/>\n<meta property=\"article:published_time\" content=\"2026-04-23T11:16:57+00:00\" \/>\n<meta property=\"og:image\" content=\"https:\/\/kalevakonserni.fi\/wp-content\/uploads\/2025\/10\/20250618_Kaleva-Media_03669-crop_2-scaled.jpg\" \/>\n\t<meta property=\"og:image:width\" content=\"2560\" \/>\n\t<meta property=\"og:image:height\" content=\"2389\" \/>\n\t<meta property=\"og:image:type\" content=\"image\/jpeg\" \/>\n<meta name=\"author\" content=\"Veli-Matti Keskinen\" \/>\n<meta name=\"twitter:card\" content=\"summary_large_image\" \/>\n<meta name=\"twitter:label1\" content=\"Written by\" \/>\n\t<meta name=\"twitter:data1\" content=\"Veli-Matti Keskinen\" \/>\n\t<meta name=\"twitter:label2\" content=\"Est. reading time\" \/>\n\t<meta name=\"twitter:data2\" content=\"3 minutes\" \/>\n<script type=\"application\/ld+json\" class=\"yoast-schema-graph\">{\"@context\":\"https:\\\/\\\/schema.org\",\"@graph\":[{\"@type\":\"Article\",\"@id\":\"https:\\\/\\\/kalevakonserni.fi\\\/en\\\/kaleva-konsernin-liikevaihto-kasvoi-93-prosenttia-vuonna-2025-medialiiketoiminta-vahvassa-nousussa\\\/#article\",\"isPartOf\":{\"@id\":\"https:\\\/\\\/kalevakonserni.fi\\\/en\\\/kaleva-konsernin-liikevaihto-kasvoi-93-prosenttia-vuonna-2025-medialiiketoiminta-vahvassa-nousussa\\\/\"},\"author\":{\"name\":\"Veli-Matti Keskinen\",\"@id\":\"https:\\\/\\\/kalevakonserni.fi\\\/en\\\/#\\\/schema\\\/person\\\/24cd9de9baadbd66cbff48018fe5e035\"},\"headline\":\"Kaleva-konsernin liikevaihto kasvoi 9,3 prosenttia vuonna 2025 \u2013 medialiiketoiminta vahvassa nousussa\",\"datePublished\":\"2026-04-23T11:16:57+00:00\",\"mainEntityOfPage\":{\"@id\":\"https:\\\/\\\/kalevakonserni.fi\\\/en\\\/kaleva-konsernin-liikevaihto-kasvoi-93-prosenttia-vuonna-2025-medialiiketoiminta-vahvassa-nousussa\\\/\"},\"wordCount\":408,\"publisher\":{\"@id\":\"https:\\\/\\\/kalevakonserni.fi\\\/en\\\/#organization\"},\"image\":{\"@id\":\"https:\\\/\\\/kalevakonserni.fi\\\/en\\\/kaleva-konsernin-liikevaihto-kasvoi-93-prosenttia-vuonna-2025-medialiiketoiminta-vahvassa-nousussa\\\/#primaryimage\"},\"thumbnailUrl\":\"https:\\\/\\\/kalevakonserni.fi\\\/wp-content\\\/uploads\\\/2025\\\/10\\\/20250618_Kaleva-Media_03669-crop_2-scaled.jpg\",\"articleSection\":[\"Uncategorized @fi\"],\"inLanguage\":\"en-US\"},{\"@type\":\"WebPage\",\"@id\":\"https:\\\/\\\/kalevakonserni.fi\\\/en\\\/kaleva-konsernin-liikevaihto-kasvoi-93-prosenttia-vuonna-2025-medialiiketoiminta-vahvassa-nousussa\\\/\",\"url\":\"https:\\\/\\\/kalevakonserni.fi\\\/en\\\/kaleva-konsernin-liikevaihto-kasvoi-93-prosenttia-vuonna-2025-medialiiketoiminta-vahvassa-nousussa\\\/\",\"name\":\"Kaleva-konsernin liikevaihto kasvoi 9,3 prosenttia vuonna 2025 \u2013 medialiiketoiminta vahvassa nousussa - Kaleva-konserni\",\"isPartOf\":{\"@id\":\"https:\\\/\\\/kalevakonserni.fi\\\/en\\\/#website\"},\"primaryImageOfPage\":{\"@id\":\"https:\\\/\\\/kalevakonserni.fi\\\/en\\\/kaleva-konsernin-liikevaihto-kasvoi-93-prosenttia-vuonna-2025-medialiiketoiminta-vahvassa-nousussa\\\/#primaryimage\"},\"image\":{\"@id\":\"https:\\\/\\\/kalevakonserni.fi\\\/en\\\/kaleva-konsernin-liikevaihto-kasvoi-93-prosenttia-vuonna-2025-medialiiketoiminta-vahvassa-nousussa\\\/#primaryimage\"},\"thumbnailUrl\":\"https:\\\/\\\/kalevakonserni.fi\\\/wp-content\\\/uploads\\\/2025\\\/10\\\/20250618_Kaleva-Media_03669-crop_2-scaled.jpg\",\"datePublished\":\"2026-04-23T11:16:57+00:00\",\"breadcrumb\":{\"@id\":\"https:\\\/\\\/kalevakonserni.fi\\\/en\\\/kaleva-konsernin-liikevaihto-kasvoi-93-prosenttia-vuonna-2025-medialiiketoiminta-vahvassa-nousussa\\\/#breadcrumb\"},\"inLanguage\":\"en-US\",\"potentialAction\":[{\"@type\":\"ReadAction\",\"target\":[\"https:\\\/\\\/kalevakonserni.fi\\\/en\\\/kaleva-konsernin-liikevaihto-kasvoi-93-prosenttia-vuonna-2025-medialiiketoiminta-vahvassa-nousussa\\\/\"]}]},{\"@type\":\"ImageObject\",\"inLanguage\":\"en-US\",\"@id\":\"https:\\\/\\\/kalevakonserni.fi\\\/en\\\/kaleva-konsernin-liikevaihto-kasvoi-93-prosenttia-vuonna-2025-medialiiketoiminta-vahvassa-nousussa\\\/#primaryimage\",\"url\":\"https:\\\/\\\/kalevakonserni.fi\\\/wp-content\\\/uploads\\\/2025\\\/10\\\/20250618_Kaleva-Media_03669-crop_2-scaled.jpg\",\"contentUrl\":\"https:\\\/\\\/kalevakonserni.fi\\\/wp-content\\\/uploads\\\/2025\\\/10\\\/20250618_Kaleva-Media_03669-crop_2-scaled.jpg\",\"width\":2560,\"height\":2389},{\"@type\":\"BreadcrumbList\",\"@id\":\"https:\\\/\\\/kalevakonserni.fi\\\/en\\\/kaleva-konsernin-liikevaihto-kasvoi-93-prosenttia-vuonna-2025-medialiiketoiminta-vahvassa-nousussa\\\/#breadcrumb\",\"itemListElement\":[{\"@type\":\"ListItem\",\"position\":1,\"name\":\"Etusivu\",\"item\":\"https:\\\/\\\/kalevakonserni.fi\\\/en\\\/\"},{\"@type\":\"ListItem\",\"position\":2,\"name\":\"Kaleva-konsernin liikevaihto kasvoi 9,3 prosenttia vuonna 2025 \u2013 medialiiketoiminta vahvassa nousussa\"}]},{\"@type\":\"WebSite\",\"@id\":\"https:\\\/\\\/kalevakonserni.fi\\\/en\\\/#website\",\"url\":\"https:\\\/\\\/kalevakonserni.fi\\\/en\\\/\",\"name\":\"Kaleva-konserni\",\"description\":\"Life is local\",\"publisher\":{\"@id\":\"https:\\\/\\\/kalevakonserni.fi\\\/en\\\/#organization\"},\"potentialAction\":[{\"@type\":\"SearchAction\",\"target\":{\"@type\":\"EntryPoint\",\"urlTemplate\":\"https:\\\/\\\/kalevakonserni.fi\\\/en\\\/?s={search_term_string}\"},\"query-input\":{\"@type\":\"PropertyValueSpecification\",\"valueRequired\":true,\"valueName\":\"search_term_string\"}}],\"inLanguage\":\"en-US\"},{\"@type\":\"Organization\",\"@id\":\"https:\\\/\\\/kalevakonserni.fi\\\/en\\\/#organization\",\"name\":\"Kaleva-konserni\",\"url\":\"https:\\\/\\\/kalevakonserni.fi\\\/en\\\/\",\"logo\":{\"@type\":\"ImageObject\",\"inLanguage\":\"en-US\",\"@id\":\"https:\\\/\\\/kalevakonserni.fi\\\/en\\\/#\\\/schema\\\/logo\\\/image\\\/\",\"url\":\"https:\\\/\\\/kalevakonserni.fi\\\/wp-content\\\/uploads\\\/2025\\\/11\\\/kaleva_konserni-some_img.jpg\",\"contentUrl\":\"https:\\\/\\\/kalevakonserni.fi\\\/wp-content\\\/uploads\\\/2025\\\/11\\\/kaleva_konserni-some_img.jpg\",\"width\":1920,\"height\":1080,\"caption\":\"Kaleva-konserni\"},\"image\":{\"@id\":\"https:\\\/\\\/kalevakonserni.fi\\\/en\\\/#\\\/schema\\\/logo\\\/image\\\/\"}},{\"@type\":\"Person\",\"@id\":\"https:\\\/\\\/kalevakonserni.fi\\\/en\\\/#\\\/schema\\\/person\\\/24cd9de9baadbd66cbff48018fe5e035\",\"name\":\"Veli-Matti Keskinen\",\"image\":{\"@type\":\"ImageObject\",\"inLanguage\":\"en-US\",\"@id\":\"https:\\\/\\\/secure.gravatar.com\\\/avatar\\\/0cbfdfec4dfdc119cefecd8b872a2384316da32310c55b851ab03ac19d25bab8?s=96&d=mm&r=g\",\"url\":\"https:\\\/\\\/secure.gravatar.com\\\/avatar\\\/0cbfdfec4dfdc119cefecd8b872a2384316da32310c55b851ab03ac19d25bab8?s=96&d=mm&r=g\",\"contentUrl\":\"https:\\\/\\\/secure.gravatar.com\\\/avatar\\\/0cbfdfec4dfdc119cefecd8b872a2384316da32310c55b851ab03ac19d25bab8?s=96&d=mm&r=g\",\"caption\":\"Veli-Matti Keskinen\"},\"url\":\"https:\\\/\\\/kalevakonserni.fi\\\/en\\\/author\\\/velimattikeskinen\\\/\"}]}<\/script>\n<!-- \/ Yoast SEO plugin. -->","yoast_head_json":{"title":"Kaleva-konsernin liikevaihto kasvoi 9,3 prosenttia vuonna 2025 \u2013 medialiiketoiminta vahvassa nousussa - Kaleva-konserni","robots":{"index":"index","follow":"follow","max-snippet":"max-snippet:-1","max-image-preview":"max-image-preview:large","max-video-preview":"max-video-preview:-1"},"canonical":"https:\/\/kalevakonserni.fi\/en\/kaleva-konsernin-liikevaihto-kasvoi-93-prosenttia-vuonna-2025-medialiiketoiminta-vahvassa-nousussa\/","og_locale":"en_US","og_type":"article","og_title":"Kaleva-konsernin liikevaihto kasvoi 9,3 prosenttia vuonna 2025 \u2013 medialiiketoiminta vahvassa nousussa - Kaleva-konserni","og_description":"Medialiiketoiminnan liikevaihto kasvoi 23,1 prosenttia ja oli 54,3 miljoonaa euroa. Huhtikuussa Kaleva365 Oy:n ja\u00a0I-Mediat\u00a0Oy:n medialiiketoimintojen yhdist\u00e4minen muodostui keskeiseksi kasvutekij\u00e4ksi. Uusi yhti\u00f6\u00a0Kaleva Media Oy\u00a0on Kaleva Oy:n (65 %) ja Ilkka Oyj:n (35 %) yhteisesti omistama ja yksi Suomen merkitt\u00e4vimmist\u00e4 mediatoimijoista. Kaleva Median julkaisuilla on yhteens\u00e4\u00a0yli\u00a050\u202f000 digitilaajaa,\u00a0reilut\u00a0130\u202f000 tilaajaa ja viikkotavoittavuus\u00a0on\u00a0noin 850\u202f000 lukijaa. Kaleva Oy myi\u00a0kes\u00e4kuussa\u00a0Kolmiokirja Oy:n\u00a0Hollantilaiselle\u00a0Keesing\u00a0Media Groupille. [&hellip;]","og_url":"https:\/\/kalevakonserni.fi\/en\/kaleva-konsernin-liikevaihto-kasvoi-93-prosenttia-vuonna-2025-medialiiketoiminta-vahvassa-nousussa\/","og_site_name":"Kaleva-konserni","article_published_time":"2026-04-23T11:16:57+00:00","og_image":[{"width":2560,"height":2389,"url":"https:\/\/kalevakonserni.fi\/wp-content\/uploads\/2025\/10\/20250618_Kaleva-Media_03669-crop_2-scaled.jpg","type":"image\/jpeg"}],"author":"Veli-Matti Keskinen","twitter_card":"summary_large_image","twitter_misc":{"Written by":"Veli-Matti Keskinen","Est. reading time":"3 minutes"},"schema":{"@context":"https:\/\/schema.org","@graph":[{"@type":"Article","@id":"https:\/\/kalevakonserni.fi\/en\/kaleva-konsernin-liikevaihto-kasvoi-93-prosenttia-vuonna-2025-medialiiketoiminta-vahvassa-nousussa\/#article","isPartOf":{"@id":"https:\/\/kalevakonserni.fi\/en\/kaleva-konsernin-liikevaihto-kasvoi-93-prosenttia-vuonna-2025-medialiiketoiminta-vahvassa-nousussa\/"},"author":{"name":"Veli-Matti Keskinen","@id":"https:\/\/kalevakonserni.fi\/en\/#\/schema\/person\/24cd9de9baadbd66cbff48018fe5e035"},"headline":"Kaleva-konsernin liikevaihto kasvoi 9,3 prosenttia vuonna 2025 \u2013 medialiiketoiminta vahvassa nousussa","datePublished":"2026-04-23T11:16:57+00:00","mainEntityOfPage":{"@id":"https:\/\/kalevakonserni.fi\/en\/kaleva-konsernin-liikevaihto-kasvoi-93-prosenttia-vuonna-2025-medialiiketoiminta-vahvassa-nousussa\/"},"wordCount":408,"publisher":{"@id":"https:\/\/kalevakonserni.fi\/en\/#organization"},"image":{"@id":"https:\/\/kalevakonserni.fi\/en\/kaleva-konsernin-liikevaihto-kasvoi-93-prosenttia-vuonna-2025-medialiiketoiminta-vahvassa-nousussa\/#primaryimage"},"thumbnailUrl":"https:\/\/kalevakonserni.fi\/wp-content\/uploads\/2025\/10\/20250618_Kaleva-Media_03669-crop_2-scaled.jpg","articleSection":["Uncategorized @fi"],"inLanguage":"en-US"},{"@type":"WebPage","@id":"https:\/\/kalevakonserni.fi\/en\/kaleva-konsernin-liikevaihto-kasvoi-93-prosenttia-vuonna-2025-medialiiketoiminta-vahvassa-nousussa\/","url":"https:\/\/kalevakonserni.fi\/en\/kaleva-konsernin-liikevaihto-kasvoi-93-prosenttia-vuonna-2025-medialiiketoiminta-vahvassa-nousussa\/","name":"Kaleva-konsernin liikevaihto kasvoi 9,3 prosenttia vuonna 2025 \u2013 medialiiketoiminta vahvassa nousussa - Kaleva-konserni","isPartOf":{"@id":"https:\/\/kalevakonserni.fi\/en\/#website"},"primaryImageOfPage":{"@id":"https:\/\/kalevakonserni.fi\/en\/kaleva-konsernin-liikevaihto-kasvoi-93-prosenttia-vuonna-2025-medialiiketoiminta-vahvassa-nousussa\/#primaryimage"},"image":{"@id":"https:\/\/kalevakonserni.fi\/en\/kaleva-konsernin-liikevaihto-kasvoi-93-prosenttia-vuonna-2025-medialiiketoiminta-vahvassa-nousussa\/#primaryimage"},"thumbnailUrl":"https:\/\/kalevakonserni.fi\/wp-content\/uploads\/2025\/10\/20250618_Kaleva-Media_03669-crop_2-scaled.jpg","datePublished":"2026-04-23T11:16:57+00:00","breadcrumb":{"@id":"https:\/\/kalevakonserni.fi\/en\/kaleva-konsernin-liikevaihto-kasvoi-93-prosenttia-vuonna-2025-medialiiketoiminta-vahvassa-nousussa\/#breadcrumb"},"inLanguage":"en-US","potentialAction":[{"@type":"ReadAction","target":["https:\/\/kalevakonserni.fi\/en\/kaleva-konsernin-liikevaihto-kasvoi-93-prosenttia-vuonna-2025-medialiiketoiminta-vahvassa-nousussa\/"]}]},{"@type":"ImageObject","inLanguage":"en-US","@id":"https:\/\/kalevakonserni.fi\/en\/kaleva-konsernin-liikevaihto-kasvoi-93-prosenttia-vuonna-2025-medialiiketoiminta-vahvassa-nousussa\/#primaryimage","url":"https:\/\/kalevakonserni.fi\/wp-content\/uploads\/2025\/10\/20250618_Kaleva-Media_03669-crop_2-scaled.jpg","contentUrl":"https:\/\/kalevakonserni.fi\/wp-content\/uploads\/2025\/10\/20250618_Kaleva-Media_03669-crop_2-scaled.jpg","width":2560,"height":2389},{"@type":"BreadcrumbList","@id":"https:\/\/kalevakonserni.fi\/en\/kaleva-konsernin-liikevaihto-kasvoi-93-prosenttia-vuonna-2025-medialiiketoiminta-vahvassa-nousussa\/#breadcrumb","itemListElement":[{"@type":"ListItem","position":1,"name":"Etusivu","item":"https:\/\/kalevakonserni.fi\/en\/"},{"@type":"ListItem","position":2,"name":"Kaleva-konsernin liikevaihto kasvoi 9,3 prosenttia vuonna 2025 \u2013 medialiiketoiminta vahvassa nousussa"}]},{"@type":"WebSite","@id":"https:\/\/kalevakonserni.fi\/en\/#website","url":"https:\/\/kalevakonserni.fi\/en\/","name":"Kaleva-konserni","description":"Life is local","publisher":{"@id":"https:\/\/kalevakonserni.fi\/en\/#organization"},"potentialAction":[{"@type":"SearchAction","target":{"@type":"EntryPoint","urlTemplate":"https:\/\/kalevakonserni.fi\/en\/?s={search_term_string}"},"query-input":{"@type":"PropertyValueSpecification","valueRequired":true,"valueName":"search_term_string"}}],"inLanguage":"en-US"},{"@type":"Organization","@id":"https:\/\/kalevakonserni.fi\/en\/#organization","name":"Kaleva-konserni","url":"https:\/\/kalevakonserni.fi\/en\/","logo":{"@type":"ImageObject","inLanguage":"en-US","@id":"https:\/\/kalevakonserni.fi\/en\/#\/schema\/logo\/image\/","url":"https:\/\/kalevakonserni.fi\/wp-content\/uploads\/2025\/11\/kaleva_konserni-some_img.jpg","contentUrl":"https:\/\/kalevakonserni.fi\/wp-content\/uploads\/2025\/11\/kaleva_konserni-some_img.jpg","width":1920,"height":1080,"caption":"Kaleva-konserni"},"image":{"@id":"https:\/\/kalevakonserni.fi\/en\/#\/schema\/logo\/image\/"}},{"@type":"Person","@id":"https:\/\/kalevakonserni.fi\/en\/#\/schema\/person\/24cd9de9baadbd66cbff48018fe5e035","name":"Veli-Matti Keskinen","image":{"@type":"ImageObject","inLanguage":"en-US","@id":"https:\/\/secure.gravatar.com\/avatar\/0cbfdfec4dfdc119cefecd8b872a2384316da32310c55b851ab03ac19d25bab8?s=96&d=mm&r=g","url":"https:\/\/secure.gravatar.com\/avatar\/0cbfdfec4dfdc119cefecd8b872a2384316da32310c55b851ab03ac19d25bab8?s=96&d=mm&r=g","contentUrl":"https:\/\/secure.gravatar.com\/avatar\/0cbfdfec4dfdc119cefecd8b872a2384316da32310c55b851ab03ac19d25bab8?s=96&d=mm&r=g","caption":"Veli-Matti Keskinen"},"url":"https:\/\/kalevakonserni.fi\/en\/author\/velimattikeskinen\/"}]}},"_links":{"self":[{"href":"https:\/\/kalevakonserni.fi\/en\/wp-json\/wp\/v2\/posts\/14486","targetHints":{"allow":["GET"]}}],"collection":[{"href":"https:\/\/kalevakonserni.fi\/en\/wp-json\/wp\/v2\/posts"}],"about":[{"href":"https:\/\/kalevakonserni.fi\/en\/wp-json\/wp\/v2\/types\/post"}],"author":[{"embeddable":true,"href":"https:\/\/kalevakonserni.fi\/en\/wp-json\/wp\/v2\/users\/10"}],"replies":[{"embeddable":true,"href":"https:\/\/kalevakonserni.fi\/en\/wp-json\/wp\/v2\/comments?post=14486"}],"version-history":[{"count":4,"href":"https:\/\/kalevakonserni.fi\/en\/wp-json\/wp\/v2\/posts\/14486\/revisions"}],"predecessor-version":[{"id":14490,"href":"https:\/\/kalevakonserni.fi\/en\/wp-json\/wp\/v2\/posts\/14486\/revisions\/14490"}],"wp:featuredmedia":[{"embeddable":true,"href":"https:\/\/kalevakonserni.fi\/en\/wp-json\/wp\/v2\/media\/13093"}],"wp:attachment":[{"href":"https:\/\/kalevakonserni.fi\/en\/wp-json\/wp\/v2\/media?parent=14486"}],"wp:term":[{"taxonomy":"category","embeddable":true,"href":"https:\/\/kalevakonserni.fi\/en\/wp-json\/wp\/v2\/categories?post=14486"},{"taxonomy":"post_tag","embeddable":true,"href":"https:\/\/kalevakonserni.fi\/en\/wp-json\/wp\/v2\/tags?post=14486"}],"curies":[{"name":"wp","href":"https:\/\/api.w.org\/{rel}","templated":true}]}}