{"id":13361,"date":"2025-12-03T13:03:17","date_gmt":"2025-12-03T11:03:17","guid":{"rendered":"https:\/\/kalevakonserni.fi\/?p=13361"},"modified":"2026-04-10T14:52:16","modified_gmt":"2026-04-10T11:52:16","slug":"kaleva-median-talvitalentsit-vauhdissa","status":"publish","type":"post","link":"https:\/\/kalevakonserni.fi\/en\/kaleva-median-talvitalentsit-vauhdissa\/","title":{"rendered":"Kaleva Median talvitalentit vauhdissa"},"content":{"rendered":"","protected":false},"excerpt":{"rendered":"","protected":false},"author":2,"featured_media":13371,"comment_status":"closed","ping_status":"open","sticky":false,"template":"","format":"standard","meta":{"_acf_changed":false,"footnotes":""},"categories":[1],"tags":[20],"class_list":["post-13361","post","type-post","status-publish","format-standard","has-post-thumbnail","hentry","category-uncategorized-fi","tag-vastuullisuus"],"acf":[],"yoast_head":"<!-- This site is optimized with the Yoast SEO plugin v27.5 - https:\/\/yoast.com\/product\/yoast-seo-wordpress\/ -->\n<title>Kaleva Median talvitalentit vauhdissa - Kaleva-konserni<\/title>\n<meta name=\"description\" content=\"Talven kisakausi on startannut ja talenttimme Anni K\u00e4r\u00e4v\u00e4, Niilo Moilanen ja Selma V\u00e4litalo ovat aloittaneet vahvasti.\" \/>\n<meta name=\"robots\" content=\"index, follow, max-snippet:-1, max-image-preview:large, max-video-preview:-1\" \/>\n<link rel=\"canonical\" href=\"https:\/\/kalevakonserni.fi\/en\/kaleva-median-talvitalentsit-vauhdissa\/\" \/>\n<meta property=\"og:locale\" content=\"en_US\" \/>\n<meta property=\"og:type\" content=\"article\" \/>\n<meta property=\"og:title\" content=\"Kaleva Median talvitalentit vauhdissa - Kaleva-konserni\" \/>\n<meta property=\"og:description\" content=\"Talven kisakausi on startannut ja talenttimme Anni K\u00e4r\u00e4v\u00e4, Niilo Moilanen ja Selma V\u00e4litalo ovat aloittaneet vahvasti.\" \/>\n<meta property=\"og:url\" content=\"https:\/\/kalevakonserni.fi\/en\/kaleva-median-talvitalentsit-vauhdissa\/\" \/>\n<meta property=\"og:site_name\" content=\"Kaleva-konserni\" \/>\n<meta property=\"article:published_time\" content=\"2025-12-03T11:03:17+00:00\" \/>\n<meta property=\"article:modified_time\" content=\"2026-04-10T11:52:16+00:00\" \/>\n<meta property=\"og:image\" content=\"https:\/\/kalevakonserni.fi\/wp-content\/uploads\/2025\/12\/Anni-safety-scaled.jpg\" \/>\n\t<meta property=\"og:image:width\" content=\"2560\" \/>\n\t<meta property=\"og:image:height\" content=\"1692\" \/>\n\t<meta property=\"og:image:type\" content=\"image\/jpeg\" \/>\n<meta name=\"author\" content=\"kp-heli\" \/>\n<meta name=\"twitter:card\" content=\"summary_large_image\" \/>\n<meta name=\"twitter:label1\" content=\"Written by\" \/>\n\t<meta name=\"twitter:data1\" content=\"kp-heli\" \/>\n\t<meta name=\"twitter:label2\" content=\"Est. reading time\" \/>\n\t<meta name=\"twitter:data2\" content=\"2 minutes\" \/>\n<script type=\"application\/ld+json\" class=\"yoast-schema-graph\">{\"@context\":\"https:\\\/\\\/schema.org\",\"@graph\":[{\"@type\":\"Article\",\"@id\":\"https:\\\/\\\/kalevakonserni.fi\\\/en\\\/kaleva-median-talvitalentsit-vauhdissa\\\/#article\",\"isPartOf\":{\"@id\":\"https:\\\/\\\/kalevakonserni.fi\\\/en\\\/kaleva-median-talvitalentsit-vauhdissa\\\/\"},\"author\":{\"name\":\"kp-heli\",\"@id\":\"https:\\\/\\\/kalevakonserni.fi\\\/en\\\/#\\\/schema\\\/person\\\/e99eac1aae276578c1975af50c501ddc\"},\"headline\":\"Kaleva Median talvitalentit vauhdissa\",\"datePublished\":\"2025-12-03T11:03:17+00:00\",\"dateModified\":\"2026-04-10T11:52:16+00:00\",\"mainEntityOfPage\":{\"@id\":\"https:\\\/\\\/kalevakonserni.fi\\\/en\\\/kaleva-median-talvitalentsit-vauhdissa\\\/\"},\"wordCount\":4,\"publisher\":{\"@id\":\"https:\\\/\\\/kalevakonserni.fi\\\/en\\\/#organization\"},\"image\":{\"@id\":\"https:\\\/\\\/kalevakonserni.fi\\\/en\\\/kaleva-median-talvitalentsit-vauhdissa\\\/#primaryimage\"},\"thumbnailUrl\":\"https:\\\/\\\/kalevakonserni.fi\\\/wp-content\\\/uploads\\\/2025\\\/12\\\/Anni-safety-scaled.jpg\",\"keywords\":[\"vastuullisuus\"],\"articleSection\":[\"Uncategorized @fi\"],\"inLanguage\":\"en-US\"},{\"@type\":\"WebPage\",\"@id\":\"https:\\\/\\\/kalevakonserni.fi\\\/en\\\/kaleva-median-talvitalentsit-vauhdissa\\\/\",\"url\":\"https:\\\/\\\/kalevakonserni.fi\\\/en\\\/kaleva-median-talvitalentsit-vauhdissa\\\/\",\"name\":\"Kaleva Median talvitalentit vauhdissa - Kaleva-konserni\",\"isPartOf\":{\"@id\":\"https:\\\/\\\/kalevakonserni.fi\\\/en\\\/#website\"},\"primaryImageOfPage\":{\"@id\":\"https:\\\/\\\/kalevakonserni.fi\\\/en\\\/kaleva-median-talvitalentsit-vauhdissa\\\/#primaryimage\"},\"image\":{\"@id\":\"https:\\\/\\\/kalevakonserni.fi\\\/en\\\/kaleva-median-talvitalentsit-vauhdissa\\\/#primaryimage\"},\"thumbnailUrl\":\"https:\\\/\\\/kalevakonserni.fi\\\/wp-content\\\/uploads\\\/2025\\\/12\\\/Anni-safety-scaled.jpg\",\"datePublished\":\"2025-12-03T11:03:17+00:00\",\"dateModified\":\"2026-04-10T11:52:16+00:00\",\"description\":\"Talven kisakausi on startannut ja talenttimme Anni K\u00e4r\u00e4v\u00e4, Niilo Moilanen ja Selma V\u00e4litalo ovat aloittaneet vahvasti.\",\"breadcrumb\":{\"@id\":\"https:\\\/\\\/kalevakonserni.fi\\\/en\\\/kaleva-median-talvitalentsit-vauhdissa\\\/#breadcrumb\"},\"inLanguage\":\"en-US\",\"potentialAction\":[{\"@type\":\"ReadAction\",\"target\":[\"https:\\\/\\\/kalevakonserni.fi\\\/en\\\/kaleva-median-talvitalentsit-vauhdissa\\\/\"]}]},{\"@type\":\"ImageObject\",\"inLanguage\":\"en-US\",\"@id\":\"https:\\\/\\\/kalevakonserni.fi\\\/en\\\/kaleva-median-talvitalentsit-vauhdissa\\\/#primaryimage\",\"url\":\"https:\\\/\\\/kalevakonserni.fi\\\/wp-content\\\/uploads\\\/2025\\\/12\\\/Anni-safety-scaled.jpg\",\"contentUrl\":\"https:\\\/\\\/kalevakonserni.fi\\\/wp-content\\\/uploads\\\/2025\\\/12\\\/Anni-safety-scaled.jpg\",\"width\":2560,\"height\":1692,\"caption\":\"Kuvaaja Arttu Heikkinen\"},{\"@type\":\"BreadcrumbList\",\"@id\":\"https:\\\/\\\/kalevakonserni.fi\\\/en\\\/kaleva-median-talvitalentsit-vauhdissa\\\/#breadcrumb\",\"itemListElement\":[{\"@type\":\"ListItem\",\"position\":1,\"name\":\"Etusivu\",\"item\":\"https:\\\/\\\/kalevakonserni.fi\\\/en\\\/\"},{\"@type\":\"ListItem\",\"position\":2,\"name\":\"Kaleva Median talvitalentit vauhdissa\"}]},{\"@type\":\"WebSite\",\"@id\":\"https:\\\/\\\/kalevakonserni.fi\\\/en\\\/#website\",\"url\":\"https:\\\/\\\/kalevakonserni.fi\\\/en\\\/\",\"name\":\"Kaleva-konserni\",\"description\":\"Life is local\",\"publisher\":{\"@id\":\"https:\\\/\\\/kalevakonserni.fi\\\/en\\\/#organization\"},\"potentialAction\":[{\"@type\":\"SearchAction\",\"target\":{\"@type\":\"EntryPoint\",\"urlTemplate\":\"https:\\\/\\\/kalevakonserni.fi\\\/en\\\/?s={search_term_string}\"},\"query-input\":{\"@type\":\"PropertyValueSpecification\",\"valueRequired\":true,\"valueName\":\"search_term_string\"}}],\"inLanguage\":\"en-US\"},{\"@type\":\"Organization\",\"@id\":\"https:\\\/\\\/kalevakonserni.fi\\\/en\\\/#organization\",\"name\":\"Kaleva-konserni\",\"url\":\"https:\\\/\\\/kalevakonserni.fi\\\/en\\\/\",\"logo\":{\"@type\":\"ImageObject\",\"inLanguage\":\"en-US\",\"@id\":\"https:\\\/\\\/kalevakonserni.fi\\\/en\\\/#\\\/schema\\\/logo\\\/image\\\/\",\"url\":\"https:\\\/\\\/kalevakonserni.fi\\\/wp-content\\\/uploads\\\/2025\\\/11\\\/kaleva_konserni-some_img.jpg\",\"contentUrl\":\"https:\\\/\\\/kalevakonserni.fi\\\/wp-content\\\/uploads\\\/2025\\\/11\\\/kaleva_konserni-some_img.jpg\",\"width\":1920,\"height\":1080,\"caption\":\"Kaleva-konserni\"},\"image\":{\"@id\":\"https:\\\/\\\/kalevakonserni.fi\\\/en\\\/#\\\/schema\\\/logo\\\/image\\\/\"}},{\"@type\":\"Person\",\"@id\":\"https:\\\/\\\/kalevakonserni.fi\\\/en\\\/#\\\/schema\\\/person\\\/e99eac1aae276578c1975af50c501ddc\",\"name\":\"kp-heli\",\"image\":{\"@type\":\"ImageObject\",\"inLanguage\":\"en-US\",\"@id\":\"https:\\\/\\\/secure.gravatar.com\\\/avatar\\\/a9ee3467d42d7c41a1535cf255770fd78a40b01a1dd9e2d52d2af43c6cb00fee?s=96&d=mm&r=g\",\"url\":\"https:\\\/\\\/secure.gravatar.com\\\/avatar\\\/a9ee3467d42d7c41a1535cf255770fd78a40b01a1dd9e2d52d2af43c6cb00fee?s=96&d=mm&r=g\",\"contentUrl\":\"https:\\\/\\\/secure.gravatar.com\\\/avatar\\\/a9ee3467d42d7c41a1535cf255770fd78a40b01a1dd9e2d52d2af43c6cb00fee?s=96&d=mm&r=g\",\"caption\":\"kp-heli\"},\"url\":\"https:\\\/\\\/kalevakonserni.fi\\\/en\\\/author\\\/kp-heli\\\/\"}]}<\/script>\n<!-- \/ Yoast SEO plugin. -->","yoast_head_json":{"title":"Kaleva Median talvitalentit vauhdissa - Kaleva-konserni","description":"Talven kisakausi on startannut ja talenttimme Anni K\u00e4r\u00e4v\u00e4, Niilo Moilanen ja Selma V\u00e4litalo ovat aloittaneet vahvasti.","robots":{"index":"index","follow":"follow","max-snippet":"max-snippet:-1","max-image-preview":"max-image-preview:large","max-video-preview":"max-video-preview:-1"},"canonical":"https:\/\/kalevakonserni.fi\/en\/kaleva-median-talvitalentsit-vauhdissa\/","og_locale":"en_US","og_type":"article","og_title":"Kaleva Median talvitalentit vauhdissa - Kaleva-konserni","og_description":"Talven kisakausi on startannut ja talenttimme Anni K\u00e4r\u00e4v\u00e4, Niilo Moilanen ja Selma V\u00e4litalo ovat aloittaneet vahvasti.","og_url":"https:\/\/kalevakonserni.fi\/en\/kaleva-median-talvitalentsit-vauhdissa\/","og_site_name":"Kaleva-konserni","article_published_time":"2025-12-03T11:03:17+00:00","article_modified_time":"2026-04-10T11:52:16+00:00","og_image":[{"width":2560,"height":1692,"url":"https:\/\/kalevakonserni.fi\/wp-content\/uploads\/2025\/12\/Anni-safety-scaled.jpg","type":"image\/jpeg"}],"author":"kp-heli","twitter_card":"summary_large_image","twitter_misc":{"Written by":"kp-heli","Est. reading time":"2 minutes"},"schema":{"@context":"https:\/\/schema.org","@graph":[{"@type":"Article","@id":"https:\/\/kalevakonserni.fi\/en\/kaleva-median-talvitalentsit-vauhdissa\/#article","isPartOf":{"@id":"https:\/\/kalevakonserni.fi\/en\/kaleva-median-talvitalentsit-vauhdissa\/"},"author":{"name":"kp-heli","@id":"https:\/\/kalevakonserni.fi\/en\/#\/schema\/person\/e99eac1aae276578c1975af50c501ddc"},"headline":"Kaleva Median talvitalentit vauhdissa","datePublished":"2025-12-03T11:03:17+00:00","dateModified":"2026-04-10T11:52:16+00:00","mainEntityOfPage":{"@id":"https:\/\/kalevakonserni.fi\/en\/kaleva-median-talvitalentsit-vauhdissa\/"},"wordCount":4,"publisher":{"@id":"https:\/\/kalevakonserni.fi\/en\/#organization"},"image":{"@id":"https:\/\/kalevakonserni.fi\/en\/kaleva-median-talvitalentsit-vauhdissa\/#primaryimage"},"thumbnailUrl":"https:\/\/kalevakonserni.fi\/wp-content\/uploads\/2025\/12\/Anni-safety-scaled.jpg","keywords":["vastuullisuus"],"articleSection":["Uncategorized @fi"],"inLanguage":"en-US"},{"@type":"WebPage","@id":"https:\/\/kalevakonserni.fi\/en\/kaleva-median-talvitalentsit-vauhdissa\/","url":"https:\/\/kalevakonserni.fi\/en\/kaleva-median-talvitalentsit-vauhdissa\/","name":"Kaleva Median talvitalentit vauhdissa - Kaleva-konserni","isPartOf":{"@id":"https:\/\/kalevakonserni.fi\/en\/#website"},"primaryImageOfPage":{"@id":"https:\/\/kalevakonserni.fi\/en\/kaleva-median-talvitalentsit-vauhdissa\/#primaryimage"},"image":{"@id":"https:\/\/kalevakonserni.fi\/en\/kaleva-median-talvitalentsit-vauhdissa\/#primaryimage"},"thumbnailUrl":"https:\/\/kalevakonserni.fi\/wp-content\/uploads\/2025\/12\/Anni-safety-scaled.jpg","datePublished":"2025-12-03T11:03:17+00:00","dateModified":"2026-04-10T11:52:16+00:00","description":"Talven kisakausi on startannut ja talenttimme Anni K\u00e4r\u00e4v\u00e4, Niilo Moilanen ja Selma V\u00e4litalo ovat aloittaneet vahvasti.","breadcrumb":{"@id":"https:\/\/kalevakonserni.fi\/en\/kaleva-median-talvitalentsit-vauhdissa\/#breadcrumb"},"inLanguage":"en-US","potentialAction":[{"@type":"ReadAction","target":["https:\/\/kalevakonserni.fi\/en\/kaleva-median-talvitalentsit-vauhdissa\/"]}]},{"@type":"ImageObject","inLanguage":"en-US","@id":"https:\/\/kalevakonserni.fi\/en\/kaleva-median-talvitalentsit-vauhdissa\/#primaryimage","url":"https:\/\/kalevakonserni.fi\/wp-content\/uploads\/2025\/12\/Anni-safety-scaled.jpg","contentUrl":"https:\/\/kalevakonserni.fi\/wp-content\/uploads\/2025\/12\/Anni-safety-scaled.jpg","width":2560,"height":1692,"caption":"Kuvaaja Arttu Heikkinen"},{"@type":"BreadcrumbList","@id":"https:\/\/kalevakonserni.fi\/en\/kaleva-median-talvitalentsit-vauhdissa\/#breadcrumb","itemListElement":[{"@type":"ListItem","position":1,"name":"Etusivu","item":"https:\/\/kalevakonserni.fi\/en\/"},{"@type":"ListItem","position":2,"name":"Kaleva Median talvitalentit vauhdissa"}]},{"@type":"WebSite","@id":"https:\/\/kalevakonserni.fi\/en\/#website","url":"https:\/\/kalevakonserni.fi\/en\/","name":"Kaleva-konserni","description":"Life is local","publisher":{"@id":"https:\/\/kalevakonserni.fi\/en\/#organization"},"potentialAction":[{"@type":"SearchAction","target":{"@type":"EntryPoint","urlTemplate":"https:\/\/kalevakonserni.fi\/en\/?s={search_term_string}"},"query-input":{"@type":"PropertyValueSpecification","valueRequired":true,"valueName":"search_term_string"}}],"inLanguage":"en-US"},{"@type":"Organization","@id":"https:\/\/kalevakonserni.fi\/en\/#organization","name":"Kaleva-konserni","url":"https:\/\/kalevakonserni.fi\/en\/","logo":{"@type":"ImageObject","inLanguage":"en-US","@id":"https:\/\/kalevakonserni.fi\/en\/#\/schema\/logo\/image\/","url":"https:\/\/kalevakonserni.fi\/wp-content\/uploads\/2025\/11\/kaleva_konserni-some_img.jpg","contentUrl":"https:\/\/kalevakonserni.fi\/wp-content\/uploads\/2025\/11\/kaleva_konserni-some_img.jpg","width":1920,"height":1080,"caption":"Kaleva-konserni"},"image":{"@id":"https:\/\/kalevakonserni.fi\/en\/#\/schema\/logo\/image\/"}},{"@type":"Person","@id":"https:\/\/kalevakonserni.fi\/en\/#\/schema\/person\/e99eac1aae276578c1975af50c501ddc","name":"kp-heli","image":{"@type":"ImageObject","inLanguage":"en-US","@id":"https:\/\/secure.gravatar.com\/avatar\/a9ee3467d42d7c41a1535cf255770fd78a40b01a1dd9e2d52d2af43c6cb00fee?s=96&d=mm&r=g","url":"https:\/\/secure.gravatar.com\/avatar\/a9ee3467d42d7c41a1535cf255770fd78a40b01a1dd9e2d52d2af43c6cb00fee?s=96&d=mm&r=g","contentUrl":"https:\/\/secure.gravatar.com\/avatar\/a9ee3467d42d7c41a1535cf255770fd78a40b01a1dd9e2d52d2af43c6cb00fee?s=96&d=mm&r=g","caption":"kp-heli"},"url":"https:\/\/kalevakonserni.fi\/en\/author\/kp-heli\/"}]}},"_links":{"self":[{"href":"https:\/\/kalevakonserni.fi\/en\/wp-json\/wp\/v2\/posts\/13361","targetHints":{"allow":["GET"]}}],"collection":[{"href":"https:\/\/kalevakonserni.fi\/en\/wp-json\/wp\/v2\/posts"}],"about":[{"href":"https:\/\/kalevakonserni.fi\/en\/wp-json\/wp\/v2\/types\/post"}],"author":[{"embeddable":true,"href":"https:\/\/kalevakonserni.fi\/en\/wp-json\/wp\/v2\/users\/2"}],"replies":[{"embeddable":true,"href":"https:\/\/kalevakonserni.fi\/en\/wp-json\/wp\/v2\/comments?post=13361"}],"version-history":[{"count":11,"href":"https:\/\/kalevakonserni.fi\/en\/wp-json\/wp\/v2\/posts\/13361\/revisions"}],"predecessor-version":[{"id":13376,"href":"https:\/\/kalevakonserni.fi\/en\/wp-json\/wp\/v2\/posts\/13361\/revisions\/13376"}],"wp:featuredmedia":[{"embeddable":true,"href":"https:\/\/kalevakonserni.fi\/en\/wp-json\/wp\/v2\/media\/13371"}],"wp:attachment":[{"href":"https:\/\/kalevakonserni.fi\/en\/wp-json\/wp\/v2\/media?parent=13361"}],"wp:term":[{"taxonomy":"category","embeddable":true,"href":"https:\/\/kalevakonserni.fi\/en\/wp-json\/wp\/v2\/categories?post=13361"},{"taxonomy":"post_tag","embeddable":true,"href":"https:\/\/kalevakonserni.fi\/en\/wp-json\/wp\/v2\/tags?post=13361"}],"curies":[{"name":"wp","href":"https:\/\/api.w.org\/{rel}","templated":true}]}}