{"id":12277,"date":"2025-04-03T14:56:57","date_gmt":"2025-04-03T11:56:57","guid":{"rendered":"https:\/\/www.kalevamedia.fi\/?p=12277"},"modified":"2026-04-10T14:52:16","modified_gmt":"2026-04-10T11:52:16","slug":"kaleva-media-ja-ilkka-yhdistavat-medialiiketoimintansa","status":"publish","type":"post","link":"https:\/\/kalevakonserni.fi\/en\/kaleva-media-ja-ilkka-yhdistavat-medialiiketoimintansa\/","title":{"rendered":"Kaleva Media ja Ilkka yh\u00addis\u00adt\u00e4\u00adv\u00e4t me\u00addia\u00adlii\u00adke\u00adtoi\u00admin\u00adtan\u00adsa"},"content":{"rendered":"\r\n\r\n\r\n<p><!--more--><\/p>\r\n\r\n\r\n\r\n<p>Suomen uutismediakentt\u00e4\u00e4n syntyy uusi merkitt\u00e4v\u00e4 toimija, joka pystyy tarjoamaan saman katon alta entist\u00e4kin laadukkaammat ja mielenkiintoisemmat sis\u00e4ll\u00f6t ja palvelut lukijoilleen ja monipuolisemmat ja kattavammat mediapalvelut yritysasiakkailleen. Tavoitteena on se, ett\u00e4 uusi yhti\u00f6 aloittaa toimintansa 1.1.2026.<\/p>\r\n<h3>Taustalla median digitalisoituminen<\/h3>\r\n<p>Kaleva Median toimitusjohtaja <strong>Juha Laakkosen<\/strong> mukaan yhdistymisen taustalla on median nopea digitalisoituminen. Se vaatii mediayhti\u00f6ilt\u00e4 leve\u00e4mm\u00e4t hartiat.<\/p>\r\n<p>\u2013 Hienoa, ett\u00e4 kaksi perinteist\u00e4 mediayhti\u00f6t\u00e4 l\u00f6ysiv\u00e4t toisensa. J\u00e4rjestelyll\u00e4 vahvistetaan paikallisen journalismin tekemist\u00e4 sek\u00e4 mahdollistetaan vahva digitaalisen sis\u00e4ll\u00f6n kehitt\u00e4minen, sanoo Laakkonen.<\/p>\r\n<p>Sis\u00e4ll\u00f6t pysyv\u00e4t paikallisina. Synergia- ja skaalaetuja haetaan ensi sijassa yhteisill\u00e4 teknologisilla alustoilla, myynniss\u00e4, markkinoinnissa ja hallinnossa.<\/p>\r\n<p>\u2013\u202fPaikallinen ja alueellinen uutisointi on kaikissa medioissa edelleen keskeist\u00e4. Uusi yhti\u00f6 vahvistaa demokratian kannalta t\u00e4rke\u00e4\u00e4 riippumatonta tiedonv\u00e4lityst\u00e4 Suomessa, Laakkonen sanoo.<\/p>\r\n<p>Mediakentt\u00e4 on ollut voimakkaassa muutoksessa maailmalla ja Suomessa jo pari vuosikymment\u00e4. Mediaa kulutetaan kasvavassa m\u00e4\u00e4rin digitaalisesti erityisesti matkapuhelimilla. Laadukkaat digitaaliset palvelut vaativat media-alan toimijoilta investointikyky\u00e4. Se on johtanut mediayhti\u00f6iden fuusioihin.<\/p>\r\n<h3>Perustettava uusi yhti\u00f6 on valtakunnallisesti iso toimija<\/h3>\r\n<p>Uudella yhti\u00f6ll\u00e4 on l\u00e4hes 50\u202f000 digitilausta ja tilausten kokonaism\u00e4\u00e4r\u00e4 on noin 120\u202f000. Viikoittain se tavoittaa 850\u202f000 ihmist\u00e4. Yhti\u00f6n henkil\u00f6st\u00f6 on 350 ihmist\u00e4 ja liikevaihto noin 60 miljoonaa euroa.<\/p>\r\n<p>Kaleva Media omistaa perustettavasta mediayhti\u00f6st\u00e4 enemmist\u00f6n, 65 prosenttia. Ilkka-yhtym\u00e4n omistus on 35 prosenttia. Molemmat omistajayhti\u00f6t ovat sitoutuneet kehitt\u00e4m\u00e4\u00e4n yhti\u00f6t\u00e4 pitk\u00e4j\u00e4nteisesti.<\/p>\r\n<p>Kaleva Medialla on nyt fuusioituvan medialiiketoimintayhti\u00f6 Kaleva365 oy:n ohella paino- ja jakelutoimintaa harjoittava Botnia Print oy, aikakauslehti\u00e4 kustantava Kolmiokirja oy sek\u00e4 markkinointipalveluyhti\u00f6t Kolmas Polvi oy ja Indieplace oy.<\/p>\r\n<p>Ilkka-yhtym\u00e4\u00e4n j\u00e4\u00e4 yhdistymisen j\u00e4lkeen digimarkkinointiliiketoimintaa harjoittava konserniyhti\u00f6 Summa Collective. Sen suurin yhti\u00f6 on oululaisl\u00e4ht\u00f6inen Liana Technologies.<\/p>\r\n","protected":false},"excerpt":{"rendered":"","protected":false},"author":1,"featured_media":13052,"comment_status":"closed","ping_status":"closed","sticky":false,"template":"","format":"standard","meta":{"_acf_changed":false,"footnotes":""},"categories":[16,1],"tags":[20],"class_list":["post-12277","post","type-post","status-publish","format-standard","has-post-thumbnail","hentry","category-kaleva-media","category-uncategorized-fi","tag-vastuullisuus"],"acf":[],"yoast_head":"<!-- This site is optimized with the Yoast SEO plugin v27.5 - https:\/\/yoast.com\/product\/yoast-seo-wordpress\/ -->\n<title>Kaleva Media ja Ilkka yh\u00addis\u00adt\u00e4\u00adv\u00e4t me\u00addia\u00adlii\u00adke\u00adtoi\u00admin\u00adtan\u00adsa - Kaleva-konserni<\/title>\n<meta name=\"description\" content=\"Suomen uutismediakentt\u00e4\u00e4n syntyy uusi merkitt\u00e4v\u00e4 toimija, kun Kaleva Media ja Ilkka oyj yhdist\u00e4v\u00e4t medialiiketoimintansa yhteisesti omistettuun yhti\u00f6\u00f6n.\" \/>\n<meta name=\"robots\" content=\"index, follow, max-snippet:-1, max-image-preview:large, max-video-preview:-1\" \/>\n<link rel=\"canonical\" href=\"https:\/\/kalevakonserni.fi\/en\/kaleva-media-ja-ilkka-yhdistavat-medialiiketoimintansa\/\" \/>\n<meta property=\"og:locale\" content=\"en_US\" \/>\n<meta property=\"og:type\" content=\"article\" \/>\n<meta property=\"og:title\" content=\"Kaleva Media ja Ilkka yh\u00addis\u00adt\u00e4\u00adv\u00e4t me\u00addia\u00adlii\u00adke\u00adtoi\u00admin\u00adtan\u00adsa - Kaleva-konserni\" \/>\n<meta property=\"og:description\" content=\"Suomen uutismediakentt\u00e4\u00e4n syntyy uusi merkitt\u00e4v\u00e4 toimija, kun Kaleva Media ja Ilkka oyj yhdist\u00e4v\u00e4t medialiiketoimintansa yhteisesti omistettuun yhti\u00f6\u00f6n.\" \/>\n<meta property=\"og:url\" content=\"https:\/\/kalevakonserni.fi\/en\/kaleva-media-ja-ilkka-yhdistavat-medialiiketoimintansa\/\" \/>\n<meta property=\"og:site_name\" content=\"Kaleva-konserni\" \/>\n<meta property=\"article:published_time\" content=\"2025-04-03T11:56:57+00:00\" \/>\n<meta property=\"article:modified_time\" content=\"2026-04-10T11:52:16+00:00\" \/>\n<meta property=\"og:image\" content=\"https:\/\/kalevakonserni.fi\/wp-content\/uploads\/2025\/08\/laakkonen.jpg\" \/>\n\t<meta property=\"og:image:width\" content=\"799\" \/>\n\t<meta property=\"og:image:height\" content=\"533\" \/>\n\t<meta property=\"og:image:type\" content=\"image\/jpeg\" \/>\n<meta name=\"author\" content=\"kolmas-polvi\" \/>\n<meta name=\"twitter:card\" content=\"summary_large_image\" \/>\n<meta name=\"twitter:label1\" content=\"Written by\" \/>\n\t<meta name=\"twitter:data1\" content=\"kolmas-polvi\" \/>\n\t<meta name=\"twitter:label2\" content=\"Est. reading time\" \/>\n\t<meta name=\"twitter:data2\" content=\"2 minutes\" \/>\n<script type=\"application\/ld+json\" class=\"yoast-schema-graph\">{\"@context\":\"https:\\\/\\\/schema.org\",\"@graph\":[{\"@type\":\"Article\",\"@id\":\"https:\\\/\\\/kalevakonserni.fi\\\/en\\\/kaleva-media-ja-ilkka-yhdistavat-medialiiketoimintansa\\\/#article\",\"isPartOf\":{\"@id\":\"https:\\\/\\\/kalevakonserni.fi\\\/en\\\/kaleva-media-ja-ilkka-yhdistavat-medialiiketoimintansa\\\/\"},\"author\":{\"name\":\"kolmas-polvi\",\"@id\":\"https:\\\/\\\/kalevakonserni.fi\\\/en\\\/#\\\/schema\\\/person\\\/3fd14da41988309032862a19d7add1ff\"},\"headline\":\"Kaleva Media ja Ilkka yh\u00addis\u00adt\u00e4\u00adv\u00e4t me\u00addia\u00adlii\u00adke\u00adtoi\u00admin\u00adtan\u00adsa\",\"datePublished\":\"2025-04-03T11:56:57+00:00\",\"dateModified\":\"2026-04-10T11:52:16+00:00\",\"mainEntityOfPage\":{\"@id\":\"https:\\\/\\\/kalevakonserni.fi\\\/en\\\/kaleva-media-ja-ilkka-yhdistavat-medialiiketoimintansa\\\/\"},\"wordCount\":291,\"publisher\":{\"@id\":\"https:\\\/\\\/kalevakonserni.fi\\\/en\\\/#organization\"},\"image\":{\"@id\":\"https:\\\/\\\/kalevakonserni.fi\\\/en\\\/kaleva-media-ja-ilkka-yhdistavat-medialiiketoimintansa\\\/#primaryimage\"},\"thumbnailUrl\":\"https:\\\/\\\/kalevakonserni.fi\\\/wp-content\\\/uploads\\\/2025\\\/08\\\/laakkonen.jpg\",\"keywords\":[\"vastuullisuus\"],\"articleSection\":[\"Kaleva Media\",\"Uncategorized @fi\"],\"inLanguage\":\"en-US\"},{\"@type\":\"WebPage\",\"@id\":\"https:\\\/\\\/kalevakonserni.fi\\\/en\\\/kaleva-media-ja-ilkka-yhdistavat-medialiiketoimintansa\\\/\",\"url\":\"https:\\\/\\\/kalevakonserni.fi\\\/en\\\/kaleva-media-ja-ilkka-yhdistavat-medialiiketoimintansa\\\/\",\"name\":\"Kaleva Media ja Ilkka yh\u00addis\u00adt\u00e4\u00adv\u00e4t me\u00addia\u00adlii\u00adke\u00adtoi\u00admin\u00adtan\u00adsa - Kaleva-konserni\",\"isPartOf\":{\"@id\":\"https:\\\/\\\/kalevakonserni.fi\\\/en\\\/#website\"},\"primaryImageOfPage\":{\"@id\":\"https:\\\/\\\/kalevakonserni.fi\\\/en\\\/kaleva-media-ja-ilkka-yhdistavat-medialiiketoimintansa\\\/#primaryimage\"},\"image\":{\"@id\":\"https:\\\/\\\/kalevakonserni.fi\\\/en\\\/kaleva-media-ja-ilkka-yhdistavat-medialiiketoimintansa\\\/#primaryimage\"},\"thumbnailUrl\":\"https:\\\/\\\/kalevakonserni.fi\\\/wp-content\\\/uploads\\\/2025\\\/08\\\/laakkonen.jpg\",\"datePublished\":\"2025-04-03T11:56:57+00:00\",\"dateModified\":\"2026-04-10T11:52:16+00:00\",\"description\":\"Suomen uutismediakentt\u00e4\u00e4n syntyy uusi merkitt\u00e4v\u00e4 toimija, kun Kaleva Media ja Ilkka oyj yhdist\u00e4v\u00e4t medialiiketoimintansa yhteisesti omistettuun yhti\u00f6\u00f6n.\",\"breadcrumb\":{\"@id\":\"https:\\\/\\\/kalevakonserni.fi\\\/en\\\/kaleva-media-ja-ilkka-yhdistavat-medialiiketoimintansa\\\/#breadcrumb\"},\"inLanguage\":\"en-US\",\"potentialAction\":[{\"@type\":\"ReadAction\",\"target\":[\"https:\\\/\\\/kalevakonserni.fi\\\/en\\\/kaleva-media-ja-ilkka-yhdistavat-medialiiketoimintansa\\\/\"]}]},{\"@type\":\"ImageObject\",\"inLanguage\":\"en-US\",\"@id\":\"https:\\\/\\\/kalevakonserni.fi\\\/en\\\/kaleva-media-ja-ilkka-yhdistavat-medialiiketoimintansa\\\/#primaryimage\",\"url\":\"https:\\\/\\\/kalevakonserni.fi\\\/wp-content\\\/uploads\\\/2025\\\/08\\\/laakkonen.jpg\",\"contentUrl\":\"https:\\\/\\\/kalevakonserni.fi\\\/wp-content\\\/uploads\\\/2025\\\/08\\\/laakkonen.jpg\",\"width\":799,\"height\":533},{\"@type\":\"BreadcrumbList\",\"@id\":\"https:\\\/\\\/kalevakonserni.fi\\\/en\\\/kaleva-media-ja-ilkka-yhdistavat-medialiiketoimintansa\\\/#breadcrumb\",\"itemListElement\":[{\"@type\":\"ListItem\",\"position\":1,\"name\":\"Etusivu\",\"item\":\"https:\\\/\\\/kalevakonserni.fi\\\/en\\\/\"},{\"@type\":\"ListItem\",\"position\":2,\"name\":\"Kaleva Media ja Ilkka yh\u00addis\u00adt\u00e4\u00adv\u00e4t me\u00addia\u00adlii\u00adke\u00adtoi\u00admin\u00adtan\u00adsa\"}]},{\"@type\":\"WebSite\",\"@id\":\"https:\\\/\\\/kalevakonserni.fi\\\/en\\\/#website\",\"url\":\"https:\\\/\\\/kalevakonserni.fi\\\/en\\\/\",\"name\":\"Kaleva-konserni\",\"description\":\"Life is local\",\"publisher\":{\"@id\":\"https:\\\/\\\/kalevakonserni.fi\\\/en\\\/#organization\"},\"potentialAction\":[{\"@type\":\"SearchAction\",\"target\":{\"@type\":\"EntryPoint\",\"urlTemplate\":\"https:\\\/\\\/kalevakonserni.fi\\\/en\\\/?s={search_term_string}\"},\"query-input\":{\"@type\":\"PropertyValueSpecification\",\"valueRequired\":true,\"valueName\":\"search_term_string\"}}],\"inLanguage\":\"en-US\"},{\"@type\":\"Organization\",\"@id\":\"https:\\\/\\\/kalevakonserni.fi\\\/en\\\/#organization\",\"name\":\"Kaleva-konserni\",\"url\":\"https:\\\/\\\/kalevakonserni.fi\\\/en\\\/\",\"logo\":{\"@type\":\"ImageObject\",\"inLanguage\":\"en-US\",\"@id\":\"https:\\\/\\\/kalevakonserni.fi\\\/en\\\/#\\\/schema\\\/logo\\\/image\\\/\",\"url\":\"https:\\\/\\\/kalevakonserni.fi\\\/wp-content\\\/uploads\\\/2025\\\/11\\\/kaleva_konserni-some_img.jpg\",\"contentUrl\":\"https:\\\/\\\/kalevakonserni.fi\\\/wp-content\\\/uploads\\\/2025\\\/11\\\/kaleva_konserni-some_img.jpg\",\"width\":1920,\"height\":1080,\"caption\":\"Kaleva-konserni\"},\"image\":{\"@id\":\"https:\\\/\\\/kalevakonserni.fi\\\/en\\\/#\\\/schema\\\/logo\\\/image\\\/\"}},{\"@type\":\"Person\",\"@id\":\"https:\\\/\\\/kalevakonserni.fi\\\/en\\\/#\\\/schema\\\/person\\\/3fd14da41988309032862a19d7add1ff\",\"name\":\"kolmas-polvi\",\"image\":{\"@type\":\"ImageObject\",\"inLanguage\":\"en-US\",\"@id\":\"https:\\\/\\\/secure.gravatar.com\\\/avatar\\\/39faf39031b4eb8b9c3e9adae606b46b170bbc6ba6bc854844f727aae73326a3?s=96&d=mm&r=g\",\"url\":\"https:\\\/\\\/secure.gravatar.com\\\/avatar\\\/39faf39031b4eb8b9c3e9adae606b46b170bbc6ba6bc854844f727aae73326a3?s=96&d=mm&r=g\",\"contentUrl\":\"https:\\\/\\\/secure.gravatar.com\\\/avatar\\\/39faf39031b4eb8b9c3e9adae606b46b170bbc6ba6bc854844f727aae73326a3?s=96&d=mm&r=g\",\"caption\":\"kolmas-polvi\"},\"sameAs\":[\"http:\\\/\\\/kalevakonserni.fi\"],\"url\":\"https:\\\/\\\/kalevakonserni.fi\\\/en\\\/author\\\/kolmas-polvi\\\/\"}]}<\/script>\n<!-- \/ Yoast SEO plugin. -->","yoast_head_json":{"title":"Kaleva Media ja Ilkka yh\u00addis\u00adt\u00e4\u00adv\u00e4t me\u00addia\u00adlii\u00adke\u00adtoi\u00admin\u00adtan\u00adsa - Kaleva-konserni","description":"Suomen uutismediakentt\u00e4\u00e4n syntyy uusi merkitt\u00e4v\u00e4 toimija, kun Kaleva Media ja Ilkka oyj yhdist\u00e4v\u00e4t medialiiketoimintansa yhteisesti omistettuun yhti\u00f6\u00f6n.","robots":{"index":"index","follow":"follow","max-snippet":"max-snippet:-1","max-image-preview":"max-image-preview:large","max-video-preview":"max-video-preview:-1"},"canonical":"https:\/\/kalevakonserni.fi\/en\/kaleva-media-ja-ilkka-yhdistavat-medialiiketoimintansa\/","og_locale":"en_US","og_type":"article","og_title":"Kaleva Media ja Ilkka yh\u00addis\u00adt\u00e4\u00adv\u00e4t me\u00addia\u00adlii\u00adke\u00adtoi\u00admin\u00adtan\u00adsa - Kaleva-konserni","og_description":"Suomen uutismediakentt\u00e4\u00e4n syntyy uusi merkitt\u00e4v\u00e4 toimija, kun Kaleva Media ja Ilkka oyj yhdist\u00e4v\u00e4t medialiiketoimintansa yhteisesti omistettuun yhti\u00f6\u00f6n.","og_url":"https:\/\/kalevakonserni.fi\/en\/kaleva-media-ja-ilkka-yhdistavat-medialiiketoimintansa\/","og_site_name":"Kaleva-konserni","article_published_time":"2025-04-03T11:56:57+00:00","article_modified_time":"2026-04-10T11:52:16+00:00","og_image":[{"width":799,"height":533,"url":"https:\/\/kalevakonserni.fi\/wp-content\/uploads\/2025\/08\/laakkonen.jpg","type":"image\/jpeg"}],"author":"kolmas-polvi","twitter_card":"summary_large_image","twitter_misc":{"Written by":"kolmas-polvi","Est. reading time":"2 minutes"},"schema":{"@context":"https:\/\/schema.org","@graph":[{"@type":"Article","@id":"https:\/\/kalevakonserni.fi\/en\/kaleva-media-ja-ilkka-yhdistavat-medialiiketoimintansa\/#article","isPartOf":{"@id":"https:\/\/kalevakonserni.fi\/en\/kaleva-media-ja-ilkka-yhdistavat-medialiiketoimintansa\/"},"author":{"name":"kolmas-polvi","@id":"https:\/\/kalevakonserni.fi\/en\/#\/schema\/person\/3fd14da41988309032862a19d7add1ff"},"headline":"Kaleva Media ja Ilkka yh\u00addis\u00adt\u00e4\u00adv\u00e4t me\u00addia\u00adlii\u00adke\u00adtoi\u00admin\u00adtan\u00adsa","datePublished":"2025-04-03T11:56:57+00:00","dateModified":"2026-04-10T11:52:16+00:00","mainEntityOfPage":{"@id":"https:\/\/kalevakonserni.fi\/en\/kaleva-media-ja-ilkka-yhdistavat-medialiiketoimintansa\/"},"wordCount":291,"publisher":{"@id":"https:\/\/kalevakonserni.fi\/en\/#organization"},"image":{"@id":"https:\/\/kalevakonserni.fi\/en\/kaleva-media-ja-ilkka-yhdistavat-medialiiketoimintansa\/#primaryimage"},"thumbnailUrl":"https:\/\/kalevakonserni.fi\/wp-content\/uploads\/2025\/08\/laakkonen.jpg","keywords":["vastuullisuus"],"articleSection":["Kaleva Media","Uncategorized @fi"],"inLanguage":"en-US"},{"@type":"WebPage","@id":"https:\/\/kalevakonserni.fi\/en\/kaleva-media-ja-ilkka-yhdistavat-medialiiketoimintansa\/","url":"https:\/\/kalevakonserni.fi\/en\/kaleva-media-ja-ilkka-yhdistavat-medialiiketoimintansa\/","name":"Kaleva Media ja Ilkka yh\u00addis\u00adt\u00e4\u00adv\u00e4t me\u00addia\u00adlii\u00adke\u00adtoi\u00admin\u00adtan\u00adsa - Kaleva-konserni","isPartOf":{"@id":"https:\/\/kalevakonserni.fi\/en\/#website"},"primaryImageOfPage":{"@id":"https:\/\/kalevakonserni.fi\/en\/kaleva-media-ja-ilkka-yhdistavat-medialiiketoimintansa\/#primaryimage"},"image":{"@id":"https:\/\/kalevakonserni.fi\/en\/kaleva-media-ja-ilkka-yhdistavat-medialiiketoimintansa\/#primaryimage"},"thumbnailUrl":"https:\/\/kalevakonserni.fi\/wp-content\/uploads\/2025\/08\/laakkonen.jpg","datePublished":"2025-04-03T11:56:57+00:00","dateModified":"2026-04-10T11:52:16+00:00","description":"Suomen uutismediakentt\u00e4\u00e4n syntyy uusi merkitt\u00e4v\u00e4 toimija, kun Kaleva Media ja Ilkka oyj yhdist\u00e4v\u00e4t medialiiketoimintansa yhteisesti omistettuun yhti\u00f6\u00f6n.","breadcrumb":{"@id":"https:\/\/kalevakonserni.fi\/en\/kaleva-media-ja-ilkka-yhdistavat-medialiiketoimintansa\/#breadcrumb"},"inLanguage":"en-US","potentialAction":[{"@type":"ReadAction","target":["https:\/\/kalevakonserni.fi\/en\/kaleva-media-ja-ilkka-yhdistavat-medialiiketoimintansa\/"]}]},{"@type":"ImageObject","inLanguage":"en-US","@id":"https:\/\/kalevakonserni.fi\/en\/kaleva-media-ja-ilkka-yhdistavat-medialiiketoimintansa\/#primaryimage","url":"https:\/\/kalevakonserni.fi\/wp-content\/uploads\/2025\/08\/laakkonen.jpg","contentUrl":"https:\/\/kalevakonserni.fi\/wp-content\/uploads\/2025\/08\/laakkonen.jpg","width":799,"height":533},{"@type":"BreadcrumbList","@id":"https:\/\/kalevakonserni.fi\/en\/kaleva-media-ja-ilkka-yhdistavat-medialiiketoimintansa\/#breadcrumb","itemListElement":[{"@type":"ListItem","position":1,"name":"Etusivu","item":"https:\/\/kalevakonserni.fi\/en\/"},{"@type":"ListItem","position":2,"name":"Kaleva Media ja Ilkka yh\u00addis\u00adt\u00e4\u00adv\u00e4t me\u00addia\u00adlii\u00adke\u00adtoi\u00admin\u00adtan\u00adsa"}]},{"@type":"WebSite","@id":"https:\/\/kalevakonserni.fi\/en\/#website","url":"https:\/\/kalevakonserni.fi\/en\/","name":"Kaleva-konserni","description":"Life is local","publisher":{"@id":"https:\/\/kalevakonserni.fi\/en\/#organization"},"potentialAction":[{"@type":"SearchAction","target":{"@type":"EntryPoint","urlTemplate":"https:\/\/kalevakonserni.fi\/en\/?s={search_term_string}"},"query-input":{"@type":"PropertyValueSpecification","valueRequired":true,"valueName":"search_term_string"}}],"inLanguage":"en-US"},{"@type":"Organization","@id":"https:\/\/kalevakonserni.fi\/en\/#organization","name":"Kaleva-konserni","url":"https:\/\/kalevakonserni.fi\/en\/","logo":{"@type":"ImageObject","inLanguage":"en-US","@id":"https:\/\/kalevakonserni.fi\/en\/#\/schema\/logo\/image\/","url":"https:\/\/kalevakonserni.fi\/wp-content\/uploads\/2025\/11\/kaleva_konserni-some_img.jpg","contentUrl":"https:\/\/kalevakonserni.fi\/wp-content\/uploads\/2025\/11\/kaleva_konserni-some_img.jpg","width":1920,"height":1080,"caption":"Kaleva-konserni"},"image":{"@id":"https:\/\/kalevakonserni.fi\/en\/#\/schema\/logo\/image\/"}},{"@type":"Person","@id":"https:\/\/kalevakonserni.fi\/en\/#\/schema\/person\/3fd14da41988309032862a19d7add1ff","name":"kolmas-polvi","image":{"@type":"ImageObject","inLanguage":"en-US","@id":"https:\/\/secure.gravatar.com\/avatar\/39faf39031b4eb8b9c3e9adae606b46b170bbc6ba6bc854844f727aae73326a3?s=96&d=mm&r=g","url":"https:\/\/secure.gravatar.com\/avatar\/39faf39031b4eb8b9c3e9adae606b46b170bbc6ba6bc854844f727aae73326a3?s=96&d=mm&r=g","contentUrl":"https:\/\/secure.gravatar.com\/avatar\/39faf39031b4eb8b9c3e9adae606b46b170bbc6ba6bc854844f727aae73326a3?s=96&d=mm&r=g","caption":"kolmas-polvi"},"sameAs":["http:\/\/kalevakonserni.fi"],"url":"https:\/\/kalevakonserni.fi\/en\/author\/kolmas-polvi\/"}]}},"_links":{"self":[{"href":"https:\/\/kalevakonserni.fi\/en\/wp-json\/wp\/v2\/posts\/12277","targetHints":{"allow":["GET"]}}],"collection":[{"href":"https:\/\/kalevakonserni.fi\/en\/wp-json\/wp\/v2\/posts"}],"about":[{"href":"https:\/\/kalevakonserni.fi\/en\/wp-json\/wp\/v2\/types\/post"}],"author":[{"embeddable":true,"href":"https:\/\/kalevakonserni.fi\/en\/wp-json\/wp\/v2\/users\/1"}],"replies":[{"embeddable":true,"href":"https:\/\/kalevakonserni.fi\/en\/wp-json\/wp\/v2\/comments?post=12277"}],"version-history":[{"count":1,"href":"https:\/\/kalevakonserni.fi\/en\/wp-json\/wp\/v2\/posts\/12277\/revisions"}],"predecessor-version":[{"id":12836,"href":"https:\/\/kalevakonserni.fi\/en\/wp-json\/wp\/v2\/posts\/12277\/revisions\/12836"}],"wp:featuredmedia":[{"embeddable":true,"href":"https:\/\/kalevakonserni.fi\/en\/wp-json\/wp\/v2\/media\/13052"}],"wp:attachment":[{"href":"https:\/\/kalevakonserni.fi\/en\/wp-json\/wp\/v2\/media?parent=12277"}],"wp:term":[{"taxonomy":"category","embeddable":true,"href":"https:\/\/kalevakonserni.fi\/en\/wp-json\/wp\/v2\/categories?post=12277"},{"taxonomy":"post_tag","embeddable":true,"href":"https:\/\/kalevakonserni.fi\/en\/wp-json\/wp\/v2\/tags?post=12277"}],"curies":[{"name":"wp","href":"https:\/\/api.w.org\/{rel}","templated":true}]}}